{"id":24627,"date":"2018-02-28T06:55:02","date_gmt":"2018-02-28T11:55:02","guid":{"rendered":"http:\/\/www.revistazetta.com\/?p=24627"},"modified":"2018-02-28T06:55:02","modified_gmt":"2018-02-28T11:55:02","slug":"desde-este-05-marzo-2018-nueva-rotacion-del-pico-placa-vehiculos-particulares-taxis","status":"publish","type":"post","link":"https:\/\/revistazetta.com\/?p=24627","title":{"rendered":"Desde este 05 de marzo de 2018, nueva rotaci\u00f3n del pico y placa para veh\u00edculos particulares y taxis"},"content":{"rendered":"<p>Desde este 05 de marzo de 2018 hasta el 1 de junio de 2018, rige la nueva rotaci\u00f3n del Decreto 1550 de 2017, o pico y placa para veh\u00edculos particulares.<\/p>\n<p>Es de reiterar que el decreto para veh\u00edculos particulares establece una rotaci\u00f3n trimestral en lo concerniente a los d\u00edgitos de las placas.<\/p>\n<p>El decreto que restringe la circulaci\u00f3n de veh\u00edculos particulares, diferente a motocicletas y afines, opera de lunes a viernes, exceptu\u00e1ndose los d\u00edas feriados, en el siguiente horario: de 7 a.m. a 9 a.m.; 12 m a 2 p.m. y de 5 p.m. a 7:30 p.m. S\u00f3lo en v\u00edas principales.<\/p>\n<p>&nbsp;<\/p>\n<p>Los veh\u00edculos que ingresan a la ciudad tendr\u00e1n tres (3) horas para llegar a su destino y para evitar sanciones se debe presentar el tiquete del \u00faltimo peaje cancelado en las v\u00edas nacionales, tales como el peaje de Gambote, Marahuaco y los de la carretera La Cordialidad.<\/p>\n<p>&nbsp;<\/p>\n<p>Durante este nuevo trimestre la rotaci\u00f3n quedar\u00e1 as\u00ed:<\/p>\n<p>&nbsp;<\/p>\n<table width=\"474\">\n<tbody>\n<tr>\n<td width=\"73\"><\/td>\n<td colspan=\"5\">\u00a0\u00a0\u00a0\u00a0\u00a0\u00a0\u00a0\u00a0\u00a0\u00a0\u00a0\u00a0\u00a0\u00a0\u00a0\u00a0\u00a0\u00a0\u00a0\u00a0\u00a0\u00a0\u00a0\u00a0 DIAS DE LA SEMANA<\/td>\n<\/tr>\n<tr>\n<td width=\"73\"><\/td>\n<td>LUNES<\/td>\n<td>MARTES<\/td>\n<td>MIERCOLES<\/td>\n<td>JUEVES<\/td>\n<td>VIERNES<\/td>\n<\/tr>\n<tr>\n<td width=\"73\">DIGITOS<\/td>\n<td>3 &#8211; 4<\/td>\n<td>5 &#8211; 6<\/td>\n<td>\u00a0\u00a0\u00a0\u00a0 7- 8<\/td>\n<td>\u00a0\u00a0 9 &#8211; 0<\/td>\n<td>\u00a0\u00a0 1 &#8211; 2<\/td>\n<\/tr>\n<\/tbody>\n<\/table>\n<p><u>Para taxis <\/u><\/p>\n<p>As\u00ed mismo desde el 5 hasta el 30 de marzo de 2018 rige la nueva rotaci\u00f3n del pico y placa para taxis.<\/p>\n<p>Es as\u00ed como desde el lunes 5 de marzo el pico y placa para taxis quedar\u00e1 as\u00ed:<\/p>\n<table width=\"474\">\n<tbody>\n<tr>\n<td width=\"73\"><\/td>\n<td colspan=\"5\">\u00a0\u00a0\u00a0\u00a0\u00a0\u00a0\u00a0\u00a0\u00a0\u00a0\u00a0\u00a0\u00a0\u00a0\u00a0\u00a0\u00a0\u00a0\u00a0\u00a0\u00a0\u00a0\u00a0\u00a0 DIAS DE LA SEMANA<\/td>\n<\/tr>\n<tr>\n<td width=\"73\"><\/td>\n<td>LUNES<\/td>\n<td>MARTES<\/td>\n<td>MIERCOLES<\/td>\n<td>JUEVES<\/td>\n<td>VIERNES<\/td>\n<\/tr>\n<tr>\n<td width=\"73\">DIGITOS<\/td>\n<td>\u00a0\u00a0 1 &#8211; 2<\/td>\n<td>\u00a0\u00a0 3 &#8211; 4<\/td>\n<td>\u00a0\u00a0\u00a0\u00a0 5 &#8211; 6<\/td>\n<td>\u00a0\u00a0 7 &#8211; 8<\/td>\n<td>\u00a0\u00a0 9 &#8211; 0<\/td>\n<\/tr>\n<\/tbody>\n<\/table>\n<p>De acuerdo con el Decreto 1659 de 2017, el pico y placa para taxis rige de lunes a viernes desde las 6 a.m. hasta las 6 a.m. del d\u00eda siguiente y rotar\u00e1 en d\u00edgitos de placas cada mes.<\/p>\n<p>Este decreto autoriza la movilizaci\u00f3n de taxis en pico y placa solo para que realicen el mantenimiento respectivo. En todo caso deber\u00e1n circular sin las sillas traseras y con un aviso colocado en el parabrisas con el aviso \u201cveh\u00edculo en mantenimiento por pico y placa.<\/p>\n<p><strong><u>Sanciones:<\/u><\/strong><\/p>\n<p>Ser\u00e1 sancionado con multa equivalente a 15 salarios m\u00ednimos legales diarios vigentes el conductor y\/o propietario de veh\u00edculo automotor que transite en d\u00edas prohibidos, adem\u00e1s el veh\u00edculo ser\u00e1 inmovilizado.<\/p>\n","protected":false},"excerpt":{"rendered":"<p>Desde este 05 de marzo de 2018 hasta el 1 de junio de 2018, rige la nueva rotaci\u00f3n del Decreto 1550 de 2017, o pico y placa para veh\u00edculos particulares. Es de reiterar que el decreto para veh\u00edculos particulares establece una rotaci\u00f3n trimestral en lo concerniente a los d\u00edgitos de las placas. El decreto que restringe la circulaci\u00f3n de veh\u00edculos particulares, diferente a motocicletas y afines, opera de lunes a viernes, exceptu\u00e1ndose los d\u00edas feriados, en el siguiente horario: de 7 a.m. a 9 a.m.; 12 m a 2 p.m&#8230;. <\/p>\n","protected":false},"author":3,"featured_media":24673,"comment_status":"open","ping_status":"closed","sticky":false,"template":"","format":"standard","meta":{"footnotes":"","_links_to":"","_links_to_target":""},"categories":[32,87],"tags":[115,93,72],"class_list":["post-24627","post","type-post","status-publish","format-standard","has-post-thumbnail","hentry","category-actualidad-distrito","category-movilidad","tag-john-zamora","tag-revista-zetta","tag-revistazetta"],"_links":{"self":[{"href":"https:\/\/revistazetta.com\/index.php?rest_route=\/wp\/v2\/posts\/24627","targetHints":{"allow":["GET"]}}],"collection":[{"href":"https:\/\/revistazetta.com\/index.php?rest_route=\/wp\/v2\/posts"}],"about":[{"href":"https:\/\/revistazetta.com\/index.php?rest_route=\/wp\/v2\/types\/post"}],"author":[{"embeddable":true,"href":"https:\/\/revistazetta.com\/index.php?rest_route=\/wp\/v2\/users\/3"}],"replies":[{"embeddable":true,"href":"https:\/\/revistazetta.com\/index.php?rest_route=%2Fwp%2Fv2%2Fcomments&post=24627"}],"version-history":[{"count":0,"href":"https:\/\/revistazetta.com\/index.php?rest_route=\/wp\/v2\/posts\/24627\/revisions"}],"wp:featuredmedia":[{"embeddable":true,"href":"https:\/\/revistazetta.com\/index.php?rest_route=\/wp\/v2\/media\/24673"}],"wp:attachment":[{"href":"https:\/\/revistazetta.com\/index.php?rest_route=%2Fwp%2Fv2%2Fmedia&parent=24627"}],"wp:term":[{"taxonomy":"category","embeddable":true,"href":"https:\/\/revistazetta.com\/index.php?rest_route=%2Fwp%2Fv2%2Fcategories&post=24627"},{"taxonomy":"post_tag","embeddable":true,"href":"https:\/\/revistazetta.com\/index.php?rest_route=%2Fwp%2Fv2%2Ftags&post=24627"}],"curies":[{"name":"wp","href":"https:\/\/api.w.org\/{rel}","templated":true}]}}