{"id":24631,"date":"2018-02-28T06:58:49","date_gmt":"2018-02-28T11:58:49","guid":{"rendered":"http:\/\/www.revistazetta.com\/?p=24631"},"modified":"2018-02-28T06:58:49","modified_gmt":"2018-02-28T11:58:49","slug":"rector-la-unicartagena-rinde-cuentas-del-periodo-2017","status":"publish","type":"post","link":"https:\/\/revistazetta.com\/?p=24631","title":{"rendered":"Rector de la UniCartagena rinde cuentas del periodo 2017"},"content":{"rendered":"<p>El Rector de la Universidad de Cartagena, Edgar Parra Chac\u00f3n, y su equipo de Gobierno, rendir\u00e1n cuentas de la gesti\u00f3n realizada durante el a\u00f1o 2017 el miercoles 28 de febrero de 2018, en el paraninfo Rafael N\u00fa\u00f1ez, Claustro de San Agust\u00edn, de 9:00 a 11:30 a.m.<\/p>\n<p>El rector Parra Chac\u00f3n estar\u00e1 acompa\u00f1ado por su equipo de trabajo, que inicialmente realizar\u00e1 una exposici\u00f3n de toda su labor administrativa y acad\u00e9mica del a\u00f1o 2017, igualmente, culminada la intervenci\u00f3n del rector y de los vicerrectores se abrir\u00e1 una ronda de respuestas\u00a0a preguntas inscritas previamente.<\/p>\n<p>Se elabor\u00f3 un informe impreso y virtual de rendici\u00f3n de cuentas el cual se construy\u00f3 de acuerdo a lo se\u00f1alado en la gu\u00eda de orientaci\u00f3n emitida por la Contralor\u00eda General de la Naci\u00f3n y el Departamento Administrativo de la Funci\u00f3n P\u00fablica y su organizaci\u00f3n discursiva se estructur\u00f3 a partir de la armonizaci\u00f3n comparativa entre el Plan Nacional de Desarrollo y el Plan de Desarrollo Estrat\u00e9gico de la Universidad de Cartagena durante el periodo antes mencionado.<\/p>\n<p>En este ejercicio se recopil\u00f3 y sistematiz\u00f3 \u00a0la informaci\u00f3n institucional para ofrecer al ciudadano la oportunidad de participar en las actividades de construcci\u00f3n de la gesti\u00f3n p\u00fablica en la Universidad de Cartagena, brindando un espacio de interlocuci\u00f3n entre los servidores p\u00fablicos y la ciudadan\u00eda, a fin de generar transparencia, condiciones de confianza entre gobernantes y ciudadanos y asegurar \u00a0el ejercicio del control social; sirviendo adem\u00e1s de insumo para ajustar proyectos y planes de acci\u00f3n internos.<\/p>\n<p>Alrededor del proceso, se puntualizaron los objetivos b\u00e1sicos que se desprenden del Plan Nacional de Desarrollo. Asimismo, se informar\u00e1 sobre el cumplimiento del Plan de Desarrollo Institucional en \u00e1reas tales como: la diversificaci\u00f3n y fortalecimiento\u00a0de los programas de pregrado y posgrado; la regionalizaci\u00f3n de la educaci\u00f3n superior y la calidad.<\/p>\n<p>El ejercicio va dirigido a consolidar la cultura de la calidad en la educaci\u00f3n y en la gesti\u00f3n p\u00fablica, con el fin de facilitar la integraci\u00f3n de los ciudadanos y servidores p\u00fablicos en el logro de las metas econ\u00f3micas y sociales del pa\u00eds y a construir organizaciones abiertas que permitan la rendici\u00f3n social de cuentas.<\/p>\n","protected":false},"excerpt":{"rendered":"<p>El Rector de la Universidad de Cartagena, Edgar Parra Chac\u00f3n, y su equipo de Gobierno, rendir\u00e1n cuentas de la gesti\u00f3n realizada durante el a\u00f1o 2017 el miercoles 28 de febrero de 2018, en el paraninfo Rafael N\u00fa\u00f1ez, Claustro de San Agust\u00edn, de 9:00 a 11:30 a.m. El rector Parra Chac\u00f3n estar\u00e1 acompa\u00f1ado por su equipo de trabajo, que inicialmente realizar\u00e1 una exposici\u00f3n de toda su labor administrativa y acad\u00e9mica del a\u00f1o 2017, igualmente, culminada la intervenci\u00f3n del rector y de los vicerrectores se abrir\u00e1 una ronda de respuestas\u00a0a preguntas inscritas&#8230; <\/p>\n","protected":false},"author":3,"featured_media":24672,"comment_status":"open","ping_status":"closed","sticky":false,"template":"","format":"standard","meta":{"footnotes":"","_links_to":"","_links_to_target":""},"categories":[3,51],"tags":[115,93,72,231,266],"class_list":["post-24631","post","type-post","status-publish","format-standard","has-post-thumbnail","hentry","category-ciudad","category-universidad","tag-john-zamora","tag-revista-zetta","tag-revistazetta","tag-udc","tag-unicartagena"],"_links":{"self":[{"href":"https:\/\/revistazetta.com\/index.php?rest_route=\/wp\/v2\/posts\/24631","targetHints":{"allow":["GET"]}}],"collection":[{"href":"https:\/\/revistazetta.com\/index.php?rest_route=\/wp\/v2\/posts"}],"about":[{"href":"https:\/\/revistazetta.com\/index.php?rest_route=\/wp\/v2\/types\/post"}],"author":[{"embeddable":true,"href":"https:\/\/revistazetta.com\/index.php?rest_route=\/wp\/v2\/users\/3"}],"replies":[{"embeddable":true,"href":"https:\/\/revistazetta.com\/index.php?rest_route=%2Fwp%2Fv2%2Fcomments&post=24631"}],"version-history":[{"count":0,"href":"https:\/\/revistazetta.com\/index.php?rest_route=\/wp\/v2\/posts\/24631\/revisions"}],"wp:featuredmedia":[{"embeddable":true,"href":"https:\/\/revistazetta.com\/index.php?rest_route=\/wp\/v2\/media\/24672"}],"wp:attachment":[{"href":"https:\/\/revistazetta.com\/index.php?rest_route=%2Fwp%2Fv2%2Fmedia&parent=24631"}],"wp:term":[{"taxonomy":"category","embeddable":true,"href":"https:\/\/revistazetta.com\/index.php?rest_route=%2Fwp%2Fv2%2Fcategories&post=24631"},{"taxonomy":"post_tag","embeddable":true,"href":"https:\/\/revistazetta.com\/index.php?rest_route=%2Fwp%2Fv2%2Ftags&post=24631"}],"curies":[{"name":"wp","href":"https:\/\/api.w.org\/{rel}","templated":true}]}}