{"id":24944,"date":"2018-03-10T05:26:39","date_gmt":"2018-03-10T10:26:39","guid":{"rendered":"http:\/\/www.revistazetta.com\/?p=24944"},"modified":"2018-03-10T05:26:39","modified_gmt":"2018-03-10T10:26:39","slug":"cita-la-democracia-opinion-horacio-carcamo-alvarez","status":"publish","type":"post","link":"https:\/\/revistazetta.com\/?p=24944","title":{"rendered":"Cita con la democracia &#8211; Opini\u00f3n de Horacio C\u00e1rcamo \u00c1lvarez"},"content":{"rendered":"<p><span style=\"color: #000080;\"><strong>Por\u00a0Horacio C\u00e1rcamo \u00c1lvarez (Especial para Revista Zetta).-<\/strong><\/span>\u00a0El pr\u00f3ximo domingo tenemos una cita m\u00e1s con la democracia. En esta ocasi\u00f3n para elegir el Congreso de la Rep\u00fablica que se posesionar\u00e1 el 20 de julio, y para pronunciarnos (quienes a bien lo deseen) sobre dos consultas presidenciales: la del partido pol\u00edtico Centro Democr\u00e1tico, con el que diga Uribe, y la que definir\u00e1 candidato entre Gustavo Petro y Carlos Caicedo, representantes de movimientos significativos de ciudadanos respectivamente. La participaci\u00f3n seg\u00fan los entendidos ser\u00e1 la m\u00e1s baja de los \u00faltimos tiempos, hecho que deslegitimar\u00e1 mucho m\u00e1s la instituci\u00f3n del parlamento.<\/p>\n<p>Con excepci\u00f3n del proselitismo por la presidencia, el de C\u00e1mara y Senado no se han sentido, y en lo que a la costa respectan, el esc\u00e1ndalo Odebrecht que derrumbo a \u00d1o\u00f1o El\u00edas y Besaile, barones electorales del Caribe es una probable causa. Tambi\u00e9n lo son las pesquisas por el manejo de los famosos cupos indicativos del presupuesto nacional y la parapol\u00edtica que no dan sosiego a muchos candidatos y tienen las campa\u00f1as a un ritmo no acostumbrado, tanto as\u00ed, que las econom\u00edas locales no se han reactivado con la llegada de flujos, ocasionales, de dinero en el mercado a manera de subienda que mejoran la capacidad adquisitiva de bienes en los sectores populares.<\/p>\n<p>Roberto Gerlein el \u00faltimo senador longevo, en una entrevista que concedi\u00f3 a La Silla Caribe, posando entre c\u00ednico y honesto, le expreso a la periodista que el poder en Colombia \u201clo detentan los muy ricos\u201d, que adem\u00e1s son \u201clos que controlan los medios\u201d; y seg\u00fan sus mismas palabras, el poder es para defender los grandes capitales. De conformidad con lo anterior para quien defendi\u00f3 los intereses de su propia familia, contratistas del Estado durante m\u00e1s de cincuenta a\u00f1os, la democracia no es el gobierno del pueblo, por el pueblo y para el pueblo, como la defini\u00f3 Abraham Lincoln, sino el gobierno de los ricos, vali\u00e9ndose del voto de los pobres para defender los capitales de los ricos.<\/p>\n<p>No obstante, que Gerlein es una caricatura de humanista mal dise\u00f1ada a quien compararle con Dante Alighieri, Sartre, o Saramago, ser\u00eda una afrenta a la inteligencia hay que reconocerle que tiene raz\u00f3n. Para los due\u00f1os del capital la pobreza es un insumo para preservar porque es lo que les permite arrogarse el poder y dominar al establecimiento. La \u201cruling class\u201d (clase dominante) as\u00ed lo entiende y sabe que la pol\u00edtica es el negocio que alimenta sus negocios.<\/p>\n<p>En el partido pol\u00edtico \u201cde los m\u00e1s ricos\u201d, que son los que controlan los grandes capitales no hay ideolog\u00edas, nada los diferencia, y por el contrario les cohesionan sus intereses, que no coinciden con los intereses de la mayor\u00eda pobre. Los partidos tradicionales, hist\u00f3ricos o nuevos, son simplemente f\u00e1bricas de avales en los que se milita por estrategia de probabilidades de elecci\u00f3n.<\/p>\n<p>Llama la atenci\u00f3n en esta campa\u00f1a que los aspirantes a repetir curul, ni los pretendientes a obtenerlas no se refieran en sus propuestas al control pol\u00edtico, ni a los problemas motriz que no hemos podido superar desde el inicio de la rep\u00fablica imposibilit\u00e1ndonos la paz y la justicia con equidad, relacionados con derechos que se reconocen en la parte dogm\u00e1tica de la Constituci\u00f3n Pol\u00edtica como: la redistribuci\u00f3n de la riqueza, la funci\u00f3n social de la propiedad, el derecho al acceso a la propiedad de la tierra de los trabajadores agrarios, a la seguridad social, a la educaci\u00f3n, al estatuto del trabajo y al postconflicto, y resulta doblemente llamativo porque los candidatos despliegan todo su activismo en un pa\u00eds con m\u00e1s de 20 millones de pobres de los cuales 5 millones viven con menos de un d\u00f3lar diario. Ser\u00e1 que consideran al ordenamiento constitucional que nos organiza como Estado Social de Derecho como Castrochavista?<\/p>\n<p>El domingo 11 de marzo hay otra oportunidad de cambiar las cosas con el poder del voto, en la democracia seg\u00fan Lincoln, no en la de Gerlein. Los partidos pol\u00edticos y el Congreso de la Rep\u00fablica son, seg\u00fan la encuesta de cultura pol\u00edtica del DANE, las instituciones m\u00e1s desprestigiadas del pa\u00eds, superados solo por la Farc en tiempos de guerrilla armada.<\/p>\n<p><strong>9\/03\/2018<\/strong><\/p>\n<p>&nbsp;<\/p>\n","protected":false},"excerpt":{"rendered":"<p>Por\u00a0Horacio C\u00e1rcamo \u00c1lvarez (Especial para Revista Zetta).-\u00a0El pr\u00f3ximo domingo tenemos una cita m\u00e1s con la democracia. En esta ocasi\u00f3n para elegir el Congreso de la Rep\u00fablica que se posesionar\u00e1 el 20 de julio, y para pronunciarnos (quienes a bien lo deseen) sobre dos consultas presidenciales: la del partido pol\u00edtico Centro Democr\u00e1tico, con el que diga Uribe, y la que definir\u00e1 candidato entre Gustavo Petro y Carlos Caicedo, representantes de movimientos significativos de ciudadanos respectivamente. La participaci\u00f3n seg\u00fan los entendidos ser\u00e1 la m\u00e1s baja de los \u00faltimos tiempos, hecho que deslegitimar\u00e1&#8230; <\/p>\n","protected":false},"author":3,"featured_media":24945,"comment_status":"open","ping_status":"closed","sticky":false,"template":"","format":"standard","meta":{"footnotes":"","_links_to":"","_links_to_target":""},"categories":[75,44,65],"tags":[],"class_list":["post-24944","post","type-post","status-publish","format-standard","has-post-thumbnail","hentry","category-destacada","category-materiagris","category-opinion"],"_links":{"self":[{"href":"https:\/\/revistazetta.com\/index.php?rest_route=\/wp\/v2\/posts\/24944","targetHints":{"allow":["GET"]}}],"collection":[{"href":"https:\/\/revistazetta.com\/index.php?rest_route=\/wp\/v2\/posts"}],"about":[{"href":"https:\/\/revistazetta.com\/index.php?rest_route=\/wp\/v2\/types\/post"}],"author":[{"embeddable":true,"href":"https:\/\/revistazetta.com\/index.php?rest_route=\/wp\/v2\/users\/3"}],"replies":[{"embeddable":true,"href":"https:\/\/revistazetta.com\/index.php?rest_route=%2Fwp%2Fv2%2Fcomments&post=24944"}],"version-history":[{"count":0,"href":"https:\/\/revistazetta.com\/index.php?rest_route=\/wp\/v2\/posts\/24944\/revisions"}],"wp:featuredmedia":[{"embeddable":true,"href":"https:\/\/revistazetta.com\/index.php?rest_route=\/wp\/v2\/media\/24945"}],"wp:attachment":[{"href":"https:\/\/revistazetta.com\/index.php?rest_route=%2Fwp%2Fv2%2Fmedia&parent=24944"}],"wp:term":[{"taxonomy":"category","embeddable":true,"href":"https:\/\/revistazetta.com\/index.php?rest_route=%2Fwp%2Fv2%2Fcategories&post=24944"},{"taxonomy":"post_tag","embeddable":true,"href":"https:\/\/revistazetta.com\/index.php?rest_route=%2Fwp%2Fv2%2Ftags&post=24944"}],"curies":[{"name":"wp","href":"https:\/\/api.w.org\/{rel}","templated":true}]}}