{"id":25059,"date":"2018-03-13T05:40:29","date_gmt":"2018-03-13T10:40:29","guid":{"rendered":"http:\/\/www.revistazetta.com\/?p=25059"},"modified":"2018-03-13T05:41:04","modified_gmt":"2018-03-13T10:41:04","slug":"proteccion-playetas-pasa-del-papel-la-accion","status":"publish","type":"post","link":"https:\/\/revistazetta.com\/?p=25059","title":{"rendered":"Protecci\u00f3n de Playetas pasa del papel a la acci\u00f3n"},"content":{"rendered":"<p>El drama ambiental de la comunidad de Playetas se pondr\u00e1 fin despu\u00e9s de 22 a\u00f1os con los\u00a0trabajos de rehabilitaci\u00f3n en los 1,4 kil\u00f3metros de la v\u00eda Playetas-Bar\u00fa, tras la firma del convenio que habilita el flujo de $15 mil millones de la Gobernaci\u00f3n de Bol\u00edvar.<\/p>\n<p>Adem\u00e1s de su claro componente de infraestructura, protecci\u00f3n costera y recuperaci\u00f3n de la movilidad, incluyen otro aspecto de \u00edndole ambiental, debido a que es prioridad para la Gobernaci\u00f3n de Bol\u00edvar que tambi\u00e9n se garantice la protecci\u00f3n de las especies y ecosistemas que all\u00ed conviven, conforme a lo que establecen la Autoridad Nacional de Licencias Ambientales (ANLA) y Parques Naturales.<\/p>\n<p>La firma del convenio fue oficializada por el gobernador de Bol\u00edvar, Dumek Turbay Paz; el alcalde (e) de Cartagena, Sergio Londo\u00f1o Zurek; y el ministro de Ambiente, Luis Gilberto Murillo, quien asisti\u00f3\u00a0como testigo de honor de esta firma.<\/p>\n<p>Por su parte, el Ministro de Ambiente destac\u00f3 el inicio de las obras de la v\u00eda Playetas Bar\u00fa como un \u201creferente llamado a constituirse como el Plan Piloto de Protecci\u00f3n Costera de todo el pa\u00eds\u201d. Y resalt\u00f3 que el proyecto hubiera sido pensado conforme a los lineamientos ambientales.<\/p>\n<p>Por eso estos trabajos, antes del inicio de su parte civil, comprenden los llamados pasos de fauna, que incluyen el traslado controlado de mangles y corales a para garantizar su protecci\u00f3n.<\/p>\n<p>Posteriormente ser\u00e1n construidos cinco grandes box coulvert que van a permitir, de forma regulada, el paso del agua del mar hacia la ci\u00e9naga interna del Moj\u00e1n. Esto, seg\u00fan explic\u00f3 Turbay, garantizar\u00e1 que los ecosistemas que all\u00ed convergen se mantengan vivos.<\/p>\n<p>Los trabajos tambi\u00e9n incluyen un relleno en piedra o pedradapl\u00e9n, hasta los box coulvert, que garantizar\u00e1n el tr\u00e1nsito de veh\u00edculos por los 1,4 kil\u00f3metros que incluyen esta zona de Playetas-Bar\u00fa. Se espera que la obra tenga un tiempo de ejecuci\u00f3n de ocho meses y que en diciembre la comunidad nativa pueda disfrutar de las bondades del turismo.<\/p>\n<p>\u201cEstas obras tienen dos funciones: prevenir el desastre ambiental y garantizar la movilidad de una zona tan importante para esta comunidad y sus muchos visitantes. Consideramos que Bar\u00fa es la joya de la corona para Cartagena. No pod\u00edamos estar de espaldas a eso y todo ese aporte al bienestar y al turismo que significa\u201d, dijo Turbay.<\/p>\n<p>Esta obra generar\u00e1, al menos, 50 empleos destinados a la poblaci\u00f3n de Playetas y Bar\u00fa.<\/p>\n<p>Por su parte, el Ministro de Ambiente destac\u00f3 el inicio de las obras de la v\u00eda Playetas Bar\u00fa como un \u201creferente llamado a constituirse como el Plan Piloto de Protecci\u00f3n Costera de todo el pa\u00eds\u201d. Y resalt\u00f3 que el proyecto hubiera sido pensado conforme a los lineamientos ambientales.<\/p>\n<p>\u201cEs un problema que estamos destrabando, que ven\u00eda desde 1996. Estamos en un riesgo inminente y hoy celebramos la voluntad del Gobernador que le ha dado un espaldarazo a la recuperaci\u00f3n de esta, que es la zona tur\u00edstica m\u00e1s importante de la ciudad\u201d, dijo Londo\u00f1o Zurek.<\/p>\n<p>\u201cEstamos haciendo un trabajo coordinado con todos los funcionarios, pero sobre todo la articulaci\u00f3n con el gobierno nacional y la Gobernaci\u00f3n. Playetas estaba en peligro inminente ambiental y eso es importante para la sostenibilidad del distrito a largo plazo. La obra es para resistir el cambio clim\u00e1tico, porque va a prevenir el riesgo\u201d, explic\u00f3 el alcalde Londo\u00f1o.<\/p>\n<p>El alcalde destaca que Cartagena queda protegida de la erosi\u00f3n costera, porque, adem\u00e1s de que se reactiva Playetas, tambi\u00e9n se destrab\u00f3 la obra de protecci\u00f3n de Tierra Bomba y pronto se dar\u00e1 inicio a los trabajos de Bocagrande \u2013 Marbella.<\/p>\n<p>Para el Ministro de Ambiente, los trabajos que se hagan en Playetas ser\u00e1n modelo en el pa\u00eds, teniendo en cuenta la gran extensi\u00f3n costera que tiene nuestro pa\u00eds, e incluso, ya se encuentra dentro del plan maestro de erosi\u00f3n costera del pa\u00eds.<\/p>\n<p>Desde MinAmbiente ser har\u00e1 el acompa\u00f1amiento necesario con todas las entidades ambientales del pa\u00eds: Anla, Parques Nacionales, la Direcci\u00f3n de Mares y Costas y el Invemar \u201cpara que se haga all\u00ed una obra modelo para el resto del pa\u00eds, porque Colombia es un pa\u00eds que en un 30 por ciento de su extensi\u00f3n tiene humedales, algunas en zonas costeras y estas obras son las que se necesitan y estas obras adaptadas al cambio clim\u00e1tico son las que necesitamos en el pa\u00eds, por eso es un referente y vamos a darle la atenci\u00f3n del caso\u201d, asegura.<\/p>\n<p>Para esta obra, la Gobernaci\u00f3n de Bol\u00edvar aporta $15 mil millones y para ello, el gobernador de Bol\u00edvar, Dumek Turbay, dijo que la obra inicia lo m\u00e1s pronto, y que en unos 10 meses estar\u00e1 terminada. Consiste en la construcci\u00f3n de 5 box culvert y pedrapl\u00e9n en 1.4 kil\u00f3metros.<\/p>\n<p>\u201cEsto avanza y el Ministro acompa\u00f1ar\u00e1 todo el proceso para intervenir Playeta y resolver esa amenaza al ambiente. Es un escenario natural y la Isla hay que protegerla\u201d, afirma.<\/p>\n","protected":false},"excerpt":{"rendered":"<p>El drama ambiental de la comunidad de Playetas se pondr\u00e1 fin despu\u00e9s de 22 a\u00f1os con los\u00a0trabajos de rehabilitaci\u00f3n en los 1,4 kil\u00f3metros de la v\u00eda Playetas-Bar\u00fa, tras la firma del convenio que habilita el flujo de $15 mil millones de la Gobernaci\u00f3n de Bol\u00edvar. Adem\u00e1s de su claro componente de infraestructura, protecci\u00f3n costera y recuperaci\u00f3n de la movilidad, incluyen otro aspecto de \u00edndole ambiental, debido a que es prioridad para la Gobernaci\u00f3n de Bol\u00edvar que tambi\u00e9n se garantice la protecci\u00f3n de las especies y ecosistemas que all\u00ed conviven, conforme&#8230; <\/p>\n","protected":false},"author":3,"featured_media":25060,"comment_status":"open","ping_status":"closed","sticky":false,"template":"","format":"standard","meta":{"footnotes":"","_links_to":"","_links_to_target":""},"categories":[75,2],"tags":[],"class_list":["post-25059","post","type-post","status-publish","format-standard","has-post-thumbnail","hentry","category-destacada","category-actualidad"],"_links":{"self":[{"href":"https:\/\/revistazetta.com\/index.php?rest_route=\/wp\/v2\/posts\/25059","targetHints":{"allow":["GET"]}}],"collection":[{"href":"https:\/\/revistazetta.com\/index.php?rest_route=\/wp\/v2\/posts"}],"about":[{"href":"https:\/\/revistazetta.com\/index.php?rest_route=\/wp\/v2\/types\/post"}],"author":[{"embeddable":true,"href":"https:\/\/revistazetta.com\/index.php?rest_route=\/wp\/v2\/users\/3"}],"replies":[{"embeddable":true,"href":"https:\/\/revistazetta.com\/index.php?rest_route=%2Fwp%2Fv2%2Fcomments&post=25059"}],"version-history":[{"count":0,"href":"https:\/\/revistazetta.com\/index.php?rest_route=\/wp\/v2\/posts\/25059\/revisions"}],"wp:featuredmedia":[{"embeddable":true,"href":"https:\/\/revistazetta.com\/index.php?rest_route=\/wp\/v2\/media\/25060"}],"wp:attachment":[{"href":"https:\/\/revistazetta.com\/index.php?rest_route=%2Fwp%2Fv2%2Fmedia&parent=25059"}],"wp:term":[{"taxonomy":"category","embeddable":true,"href":"https:\/\/revistazetta.com\/index.php?rest_route=%2Fwp%2Fv2%2Fcategories&post=25059"},{"taxonomy":"post_tag","embeddable":true,"href":"https:\/\/revistazetta.com\/index.php?rest_route=%2Fwp%2Fv2%2Ftags&post=25059"}],"curies":[{"name":"wp","href":"https:\/\/api.w.org\/{rel}","templated":true}]}}