{"id":25175,"date":"2018-03-16T01:45:39","date_gmt":"2018-03-16T06:45:39","guid":{"rendered":"http:\/\/www.revistazetta.com\/?p=25175"},"modified":"2018-03-16T01:45:39","modified_gmt":"2018-03-16T06:45:39","slug":"audiencia-publica-la-procuraduria-turismo-sexual-cartagena","status":"publish","type":"post","link":"https:\/\/revistazetta.com\/?p=25175","title":{"rendered":"Audiencia P\u00fablica de la Procuradur\u00eda por turismo sexual en Cartagena"},"content":{"rendered":"<p>El procurador general de la Naci\u00f3n, Fernando Carrillo, orden\u00f3 la realizaci\u00f3n de una Audiencia P\u00fablica en Cartagena, para evaluar el problema que genera el turismo sexual y frenar la explotaci\u00f3n de menores de edad, a la par que instruy\u00f3 la apertura de una investigaci\u00f3n en este tema.<\/p>\n<p>El jefe del Ministerio P\u00fablico llam\u00f3 la atenci\u00f3n a las autoridades de Cartagena para que tomen como alerta cada denuncia, y no se desestime de antemano, como ha ocurrido con la alusiva al \u201cTour de la Violaci\u00f3n\u201d.<\/p>\n<p>En declaraciones al programa Nocturna RCN, que dirige el periodista Juli\u00e1n Parra, Carrillo dijo que esta audiencia se realizar\u00e1 en menos de dos semanas, y que adem\u00e1s de invitar a las autoridades, tambi\u00e9n participar\u00e1n gremios y organizaciones no gubernamentales.<\/p>\n<p>La cuenta oficial de la Procuradur\u00eda en Twitter public\u00f3 este trino: \u00abProcurador @fcarrillflorez indaga alas autoridades de Cartagena por avance e las investigaciones sobre el llamado \u00abtour de la violaci\u00f3n\u00bb, que afecta a ni\u00f1as, ni\u00f1os, adolescentes y mujeres en la heroica. En audiencia p\u00fablica deber\u00e1n rendir un informe a la ciudadan\u00eda\u00bb.<\/p>\n<p>Carrillo felicit\u00f3 a la ciudadan\u00eda que convoc\u00f3 un plant\u00f3n en la plaza de los Coches, cumplido la noche de este jueves, y se\u00f1al\u00f3 que \u201cdebemos hacer unidad en esta causa\u201d para eliminar todo asomo de explotaci\u00f3n sexual de menores de edad.<\/p>\n<p>El procurador se mostr\u00f3 contrariado al escuchar la grabaci\u00f3n de una denuncia con una prostituta, que describi\u00f3 la manera c\u00f3mo se \u201ccazaban\u201d menores de edad para ser violadas, y que en esa presunta conducta estar\u00edan implicados extranjeros, varios de ellos de nacionalidad israel\u00ed.<\/p>\n<p>Dijo que hay que cerrar filas contra el turismo sexual, y que hay que proteger al verdadero turismo de Cartagena, que es fuente de empleo y de desarrollo fundamental para la ciudad.<\/p>\n","protected":false},"excerpt":{"rendered":"<p>El procurador general de la Naci\u00f3n, Fernando Carrillo, orden\u00f3 la realizaci\u00f3n de una Audiencia P\u00fablica en Cartagena, para evaluar el problema que genera el turismo sexual y frenar la explotaci\u00f3n de menores de edad, a la par que instruy\u00f3 la apertura de una investigaci\u00f3n en este tema. El jefe del Ministerio P\u00fablico llam\u00f3 la atenci\u00f3n a las autoridades de Cartagena para que tomen como alerta cada denuncia, y no se desestime de antemano, como ha ocurrido con la alusiva al \u201cTour de la Violaci\u00f3n\u201d. En declaraciones al programa Nocturna RCN,&#8230; <\/p>\n","protected":false},"author":3,"featured_media":25176,"comment_status":"open","ping_status":"closed","sticky":false,"template":"","format":"standard","meta":{"footnotes":"","_links_to":"","_links_to_target":""},"categories":[3,75],"tags":[],"class_list":["post-25175","post","type-post","status-publish","format-standard","has-post-thumbnail","hentry","category-ciudad","category-destacada"],"_links":{"self":[{"href":"https:\/\/revistazetta.com\/index.php?rest_route=\/wp\/v2\/posts\/25175","targetHints":{"allow":["GET"]}}],"collection":[{"href":"https:\/\/revistazetta.com\/index.php?rest_route=\/wp\/v2\/posts"}],"about":[{"href":"https:\/\/revistazetta.com\/index.php?rest_route=\/wp\/v2\/types\/post"}],"author":[{"embeddable":true,"href":"https:\/\/revistazetta.com\/index.php?rest_route=\/wp\/v2\/users\/3"}],"replies":[{"embeddable":true,"href":"https:\/\/revistazetta.com\/index.php?rest_route=%2Fwp%2Fv2%2Fcomments&post=25175"}],"version-history":[{"count":0,"href":"https:\/\/revistazetta.com\/index.php?rest_route=\/wp\/v2\/posts\/25175\/revisions"}],"wp:featuredmedia":[{"embeddable":true,"href":"https:\/\/revistazetta.com\/index.php?rest_route=\/wp\/v2\/media\/25176"}],"wp:attachment":[{"href":"https:\/\/revistazetta.com\/index.php?rest_route=%2Fwp%2Fv2%2Fmedia&parent=25175"}],"wp:term":[{"taxonomy":"category","embeddable":true,"href":"https:\/\/revistazetta.com\/index.php?rest_route=%2Fwp%2Fv2%2Fcategories&post=25175"},{"taxonomy":"post_tag","embeddable":true,"href":"https:\/\/revistazetta.com\/index.php?rest_route=%2Fwp%2Fv2%2Ftags&post=25175"}],"curies":[{"name":"wp","href":"https:\/\/api.w.org\/{rel}","templated":true}]}}