{"id":25179,"date":"2018-03-16T07:11:31","date_gmt":"2018-03-16T12:11:31","guid":{"rendered":"http:\/\/www.revistazetta.com\/?p=25179"},"modified":"2018-03-16T07:15:11","modified_gmt":"2018-03-16T12:15:11","slug":"orbita-politica-john-zamora-viernes-16-marzo-2018","status":"publish","type":"post","link":"https:\/\/revistazetta.com\/?p=25179","title":{"rendered":"\u00d3rbita Pol\u00edtica de John Zamora \u2013 Viernes 16 de marzo 2018"},"content":{"rendered":"<p><strong>Viana, candidato del PRE \u2026 y \u00a1praa!<\/strong><\/p>\n<p>Le doy un premio al que confiese que alguna vez en la vida hab\u00eda escuchado hablar del \u201cPartido de Reivindicaci\u00f3n \u00c9tnica PRE\u201d\u2026<\/p>\n<p>Pues parece que Germ\u00e1n Viana s\u00ed lo sab\u00eda, y de premio le dieron un aval para la Alcald\u00eda de Cartagena.<\/p>\n<p>Le pregunt\u00e9 de d\u00f3nde sali\u00f3 ese \u201cinvento\u201d y me dijo que no es ning\u00fan invento sino un partido sin cuestionamientos\u2026 Le insist\u00ed \u201c\u00bfEs un partido de garaje?\u201d y me contest\u00f3 que \u201cprefiero eso que llamas de garaje y no cuestionado\u201d.<\/p>\n<p>Pues con el aval del PRE, este viernes a las 4 de la tarde se inscribe como candidato a la Alcald\u00eda.<\/p>\n<p>A prop\u00f3sito de avales\u2026 \u00bfd\u00f3nde tendr\u00e1 guardados los avales con los que Viana lleg\u00f3 al concejo de Cartagena y a la C\u00e1mara de Representantes? Dicen que su aval era del partido del \u201cGabrie\u201d\u2026 pero eso es historia patria. Lo importante es que Viana estar\u00e1 en la contienda para Alcald\u00eda y \u00a1praaa!<\/p>\n<p>&nbsp;<\/p>\n<p><strong>Quintana, candidato sin mu\u00f1eco<\/strong><\/p>\n<p>Despu\u00e9s de varios intentos por ser concejal, Jorge Quintana Sosa trat\u00f3 ser alcalde y anduvo con un mu\u00f1eco por las calles promoviendo su nombre, como s\u00faper estrategia de comunicaci\u00f3n pol\u00edtica. Desde luego, eso nunca funcion\u00f3 y se refugi\u00f3 en los terrenos de las veedur\u00edas, donde a veces le ha sonado la flauta, como ocurri\u00f3 con los actuales concejales de Cartagena y la elecci\u00f3n de la contralora Nubia Fontalvo.<\/p>\n<p>Ahora sale de esos espacios y vuelve a la pol\u00edtica, de nuevo como candidato a la Alcald\u00eda\u2026 pero sin mu\u00f1eco, tal como lo inform\u00f3 Carmol Noticias, el mejor informativo de la radio en Cartagena, que es retransmitido por Radio Revista Zetta (www.revistazetta.com).<\/p>\n<p>Quintana encontr\u00f3 aval y se inscribe este viernes como candidato del partido Todos Somos Colombia, partido que acompa\u00f1\u00f3 a L\u00eda Mu\u00f1oz en su inscripci\u00f3n, pero no le extendi\u00f3 aval.<\/p>\n<p>&nbsp;<\/p>\n<p><strong>El l\u00edo de L\u00eda<\/strong><\/p>\n<p>La seriedad es un concepto que se pierde en lontananza cuando hablamos de pol\u00edtica\u2026<\/p>\n<p>A L\u00eda Mu\u00f1oz le entregaron un aval para ser candidata a la Alcald\u00eda por parte de la Uni\u00f3n Patri\u00f3tica. Despu\u00e9s, voceros de la UP salen diciendo que por andar en campa\u00f1a legislativa, se apresuraron, que no atendieron el reglamento y que ahora deben retirarle el aval.<\/p>\n<p>https:\/\/www.eluniversal.com.co\/politica\/candidata-la-alcaldia-de-cartagena-denuncia-que-quieren-revocar-su-aval-274170<\/p>\n<p>\u00bfHabr\u00e1 tutela? \u00bfQu\u00e9 dir\u00e1 la Registradur\u00eda? \u00bfQui\u00e9n recibir\u00e1 el nuevo aval de la UP? \u00bfSe dejar\u00e1 L\u00eda quitar el aval? \u00a1Qu\u00e9 l\u00edo! No se pierda el pr\u00f3ximo cap\u00edtulo de esta nueva novela\u2026<\/p>\n<p>&nbsp;<\/p>\n<p>&nbsp;<\/p>\n","protected":false},"excerpt":{"rendered":"<p>Viana, candidato del PRE \u2026 y \u00a1praa! Le doy un premio al que confiese que alguna vez en la vida hab\u00eda escuchado hablar del \u201cPartido de Reivindicaci\u00f3n \u00c9tnica PRE\u201d\u2026 Pues parece que Germ\u00e1n Viana s\u00ed lo sab\u00eda, y de premio le dieron un aval para la Alcald\u00eda de Cartagena. Le pregunt\u00e9 de d\u00f3nde sali\u00f3 ese \u201cinvento\u201d y me dijo que no es ning\u00fan invento sino un partido sin cuestionamientos\u2026 Le insist\u00ed \u201c\u00bfEs un partido de garaje?\u201d y me contest\u00f3 que \u201cprefiero eso que llamas de garaje y no cuestionado\u201d. Pues&#8230; <\/p>\n","protected":false},"author":3,"featured_media":25180,"comment_status":"open","ping_status":"closed","sticky":false,"template":"","format":"standard","meta":{"footnotes":"","_links_to":"","_links_to_target":""},"categories":[75,47,44,45],"tags":[],"class_list":["post-25179","post","type-post","status-publish","format-standard","has-post-thumbnail","hentry","category-destacada","category-john-zamora","category-materiagris","category-orbita"],"_links":{"self":[{"href":"https:\/\/revistazetta.com\/index.php?rest_route=\/wp\/v2\/posts\/25179","targetHints":{"allow":["GET"]}}],"collection":[{"href":"https:\/\/revistazetta.com\/index.php?rest_route=\/wp\/v2\/posts"}],"about":[{"href":"https:\/\/revistazetta.com\/index.php?rest_route=\/wp\/v2\/types\/post"}],"author":[{"embeddable":true,"href":"https:\/\/revistazetta.com\/index.php?rest_route=\/wp\/v2\/users\/3"}],"replies":[{"embeddable":true,"href":"https:\/\/revistazetta.com\/index.php?rest_route=%2Fwp%2Fv2%2Fcomments&post=25179"}],"version-history":[{"count":0,"href":"https:\/\/revistazetta.com\/index.php?rest_route=\/wp\/v2\/posts\/25179\/revisions"}],"wp:featuredmedia":[{"embeddable":true,"href":"https:\/\/revistazetta.com\/index.php?rest_route=\/wp\/v2\/media\/25180"}],"wp:attachment":[{"href":"https:\/\/revistazetta.com\/index.php?rest_route=%2Fwp%2Fv2%2Fmedia&parent=25179"}],"wp:term":[{"taxonomy":"category","embeddable":true,"href":"https:\/\/revistazetta.com\/index.php?rest_route=%2Fwp%2Fv2%2Fcategories&post=25179"},{"taxonomy":"post_tag","embeddable":true,"href":"https:\/\/revistazetta.com\/index.php?rest_route=%2Fwp%2Fv2%2Ftags&post=25179"}],"curies":[{"name":"wp","href":"https:\/\/api.w.org\/{rel}","templated":true}]}}