{"id":25182,"date":"2018-03-16T16:08:14","date_gmt":"2018-03-16T21:08:14","guid":{"rendered":"http:\/\/www.revistazetta.com\/?p=25182"},"modified":"2018-03-16T16:08:14","modified_gmt":"2018-03-16T21:08:14","slug":"rectores-bolivar-comprometidos-mejorar-calidad-educativa","status":"publish","type":"post","link":"https:\/\/revistazetta.com\/?p=25182","title":{"rendered":"Rectores de Bol\u00edvar comprometidos con mejorar calidad educativa"},"content":{"rendered":"<p><strong><em>Con\u00a0\u00a0 la implementaci\u00f3n de las\u00a0 mesas t\u00e9cnicas desarrolladas por la Gobernaci\u00f3n de Bol\u00edvar y\u00a0 priorizadas para analizar cobertura educativa, planta docente, infraestructura escolar,\u00a0 conectividad, contrataciones, aseo y vigilancia, el gobierno del \u00abBol\u00edvar S\u00cd Avanza\u00bb que preside, Dumek Turbay Paz, contin\u00faa adelantando con rectores de Marialabaja, Arjona,Turbaco, Turbana, Zambrano, El Carmen de Bol\u00edvar y C\u00f3rdoba Bol\u00edvar estas jornadas de,\u00a0 tal manera que se garanticen mejoras en la prestaci\u00f3n del servicio educativo para el a\u00f1o lectivo 2018.<\/em><\/strong><\/p>\n<p><strong>Carmen de Bol\u00edvar, marzo 16 de 2018.<\/strong>\u00a0El gobierno del \u201cBol\u00edvar S\u00cd Avanza\u201d que lidera, Dumek Turbay Paz, a trav\u00e9s de la Secretar\u00eda de Educaci\u00f3n, consciente de la responsabilidad social de sacar adelante el \u201cPlan Bol\u00edvar por la Educaci\u00f3n\u201d, continu\u00f3 con el ciclo de reuniones con rectores y directivos de las escuelas oficiales de los municipios de Marialabaja, Arjona,Turbaco, Turbana, Zambrano, El Carmen de Bol\u00edvar y C\u00f3rdoba Bol\u00edvar, con el prop\u00f3sito\u00a0 de alcanzar cobertura total educativa en el departamento y garantizar el derecho \u00a0de permanencia de la poblaci\u00f3n estudiantil en el sistema educativo oficial del departamento.<\/p>\n<p>La idea del gobernador de los bolivarenses, Dumek Turbay Paz, es recoger el mayor de los sentimientos y expresiones de cada una de las escuelas ubicadas en las Zonas de Desarrollo Econ\u00f3mico y Social, que coadyuven a la construcci\u00f3n final del \u201cPlan Bol\u00edvar por la Educaci\u00f3n\u201d y sus posibles soluciones en materia de infraestructura, falta de docentes, nuevas tecnolog\u00edas, optimizaci\u00f3n de la planta, entre otras, de tal manera que se contribuya para que Colombia sea el pa\u00eds m\u00e1s educado de Am\u00e9rica Latina en 2025.<\/p>\n<p>El secretario de Educaci\u00f3n de Bol\u00edvar, \u00d3scar Mar\u00edn Villalba secretario, dijo que estos encuentros con los rectores de las instituciones educativas oficiales de Bol\u00edvar, \u00a0permiten unificar criterios frente a la posici\u00f3n que deben asumir todos los educadores, de tal manera que se impacte positivamente en la formaci\u00f3n de los ni\u00f1os, ni\u00f1as y j\u00f3venes del \u00a0departamento.<\/p>\n<p>La reuni\u00f3n fue liderada en esta oportunidad, \u00a0por Zafir Iglesias Correa, director Administrativo de Planta de establecimientos educativos, quien dijo \u00a0que los encuentros \u00a0son espacios de dialogo social, \u00a0donde se pudo dar claridad a\u00a0 muchos interrogantes\u00a0 en temas trascendentales de la educaci\u00f3n en Bol\u00edvar e inst\u00f3 a los convocados para trabajar unidos por la educaci\u00f3n de calidad que requiere este departamento.<\/p>\n<p>\u201cEste fue un ejercicio con los directivos docentes que nos llevar\u00e1\u00a0 a trabajar en la consolidaci\u00f3n de un mejor servicio educativo en el departamento de Bol\u00edvar\u201d, puntualiz\u00f3 el alto funcionario del gobierno departamental.<\/p>\n<p>Por su parte, Liner Campo Tejedor, director de Cobertura Educativa, revel\u00f3 la importancia del papel de los rectores en los resultados y las metas alcanzadas en el gobierno del \u201cBol\u00edvar S\u00cd Avanza\u201d de nuestro gobernador, Dumek Turbay Paz, \u00a0\u00a0\u201clos rectores enriquecen la construcci\u00f3n participativa de una pol\u00edtica p\u00fablica educativa en temas como acceso, calidad y pertinencia, \u00a0las cuales deben ser replicadas en cada uno de los establecimientos educativos de este departamento\u201d, asever\u00f3 el funcionario.<\/p>\n<p>Robinson Casarrubia Cardona,\u00a0director \u00a0de Calidad Educativa de la secretar\u00eda de Educaci\u00f3n de Bol\u00edvar, precis\u00f3 que estos encuentros son importantes por que el gobierno del \u201cBol\u00edvar S\u00ed Avanza\u201d que preside, Dumek Turbay Paz,\u00a0 busca con los rectores,\u00a0 afianzar los procesos de Calidad Educativa y para ello construir iniciativas que permitan continuar con la ruta hacia la excelencia educativa en cada rinc\u00f3n de la geograf\u00eda bolivarense.<\/p>\n","protected":false},"excerpt":{"rendered":"<p>Con\u00a0\u00a0 la implementaci\u00f3n de las\u00a0 mesas t\u00e9cnicas desarrolladas por la Gobernaci\u00f3n de Bol\u00edvar y\u00a0 priorizadas para analizar cobertura educativa, planta docente, infraestructura escolar,\u00a0 conectividad, contrataciones, aseo y vigilancia, el gobierno del \u00abBol\u00edvar S\u00cd Avanza\u00bb que preside, Dumek Turbay Paz, contin\u00faa adelantando con rectores de Marialabaja, Arjona,Turbaco, Turbana, Zambrano, El Carmen de Bol\u00edvar y C\u00f3rdoba Bol\u00edvar estas jornadas de,\u00a0 tal manera que se garanticen mejoras en la prestaci\u00f3n del servicio educativo para el a\u00f1o lectivo 2018. Carmen de Bol\u00edvar, marzo 16 de 2018.\u00a0El gobierno del \u201cBol\u00edvar S\u00cd Avanza\u201d que lidera, Dumek&#8230; <\/p>\n","protected":false},"author":3,"featured_media":25183,"comment_status":"open","ping_status":"closed","sticky":false,"template":"","format":"standard","meta":{"footnotes":"","_links_to":"","_links_to_target":""},"categories":[80],"tags":[],"class_list":["post-25182","post","type-post","status-publish","format-standard","has-post-thumbnail","hentry","category-region"],"_links":{"self":[{"href":"https:\/\/revistazetta.com\/index.php?rest_route=\/wp\/v2\/posts\/25182","targetHints":{"allow":["GET"]}}],"collection":[{"href":"https:\/\/revistazetta.com\/index.php?rest_route=\/wp\/v2\/posts"}],"about":[{"href":"https:\/\/revistazetta.com\/index.php?rest_route=\/wp\/v2\/types\/post"}],"author":[{"embeddable":true,"href":"https:\/\/revistazetta.com\/index.php?rest_route=\/wp\/v2\/users\/3"}],"replies":[{"embeddable":true,"href":"https:\/\/revistazetta.com\/index.php?rest_route=%2Fwp%2Fv2%2Fcomments&post=25182"}],"version-history":[{"count":0,"href":"https:\/\/revistazetta.com\/index.php?rest_route=\/wp\/v2\/posts\/25182\/revisions"}],"wp:featuredmedia":[{"embeddable":true,"href":"https:\/\/revistazetta.com\/index.php?rest_route=\/wp\/v2\/media\/25183"}],"wp:attachment":[{"href":"https:\/\/revistazetta.com\/index.php?rest_route=%2Fwp%2Fv2%2Fmedia&parent=25182"}],"wp:term":[{"taxonomy":"category","embeddable":true,"href":"https:\/\/revistazetta.com\/index.php?rest_route=%2Fwp%2Fv2%2Fcategories&post=25182"},{"taxonomy":"post_tag","embeddable":true,"href":"https:\/\/revistazetta.com\/index.php?rest_route=%2Fwp%2Fv2%2Ftags&post=25182"}],"curies":[{"name":"wp","href":"https:\/\/api.w.org\/{rel}","templated":true}]}}