{"id":25242,"date":"2018-03-20T16:49:08","date_gmt":"2018-03-20T21:49:08","guid":{"rendered":"http:\/\/www.revistazetta.com\/?p=25242"},"modified":"2018-03-20T16:49:08","modified_gmt":"2018-03-20T21:49:08","slug":"concejo-cita-los-tres-alcaldes-locales","status":"publish","type":"post","link":"https:\/\/revistazetta.com\/?p=25242","title":{"rendered":"Concejo cita a los tres alcaldes locales"},"content":{"rendered":"<p>Ante la plenaria del cabildo cartagenero deber\u00e1n acudir los tres alcaldes locales de esta capital, luego de haber sido citados mediante una proposici\u00f3n que se aprob\u00f3 de forma un\u00e1nime por todas las bancadas, y en las que se obliga a los mandatarios para que presenten informes concernientes al manual de funciones y las actividades delegadas por el alcalde mayor.<\/p>\n<p>Aunque la fecha a\u00fan no est\u00e1 confirmada, el ejercicio tiene previsto el desarrollo de un cuestionario previamente establecido y solicita entre otros temas, soportes de la contrataci\u00f3n celebrada durante los \u00faltimos cinco a\u00f1os en materia de infraestructura y capacitaci\u00f3n. El Concejo tambi\u00e9n revisar\u00e1 las actuaciones de los funcionarios en cuanto al uso del suelo y el espacio p\u00fablico, al igual que los ingresos por multas y sanciones.<\/p>\n<p>Carlos Mieles, Gregorio Rico y Patricia Zapata, alcaldes de las localidades 1,2, y 3 respectivamente, tendr\u00e1n que presentar adem\u00e1s ante la plenaria los reportes efectuados por vigilancia de infraestructura, servicios de los puestos de salud e instituciones educativas ubicadas en sus \u00e1reas de influencia.<\/p>\n<p>\u00abEl control pol\u00edtico tiene que atacar la estructura principal y la descentralizaci\u00f3n se da en las alcald\u00edas locales; como los titulares duran hasta donde llega el mandatario elegido popularmente valdr\u00eda la pena hacer la evaluaci\u00f3n para ver quienes debieran continuar. Es un ejercicio sano, no tenemos nada en contra de ninguno pero s\u00ed es bueno saber cu\u00e1ntos tienen condiciones y qui\u00e9n pase las pruebas pues el nuevo alcalde sabr\u00e1 qu\u00e9 decisi\u00f3n tomar\u00bb, sostuvo el concejal C\u00e9sar Pi\u00f3n, citante del debate.<\/p>\n<p>&nbsp;<\/p>\n","protected":false},"excerpt":{"rendered":"<p>Ante la plenaria del cabildo cartagenero deber\u00e1n acudir los tres alcaldes locales de esta capital, luego de haber sido citados mediante una proposici\u00f3n que se aprob\u00f3 de forma un\u00e1nime por todas las bancadas, y en las que se obliga a los mandatarios para que presenten informes concernientes al manual de funciones y las actividades delegadas por el alcalde mayor. Aunque la fecha a\u00fan no est\u00e1 confirmada, el ejercicio tiene previsto el desarrollo de un cuestionario previamente establecido y solicita entre otros temas, soportes de la contrataci\u00f3n celebrada durante los \u00faltimos&#8230; <\/p>\n","protected":false},"author":3,"featured_media":25243,"comment_status":"open","ping_status":"closed","sticky":false,"template":"","format":"standard","meta":{"footnotes":"","_links_to":"","_links_to_target":""},"categories":[75,27,4],"tags":[],"class_list":["post-25242","post","type-post","status-publish","format-standard","has-post-thumbnail","hentry","category-destacada","category-politicaconcejo","category-politica"],"_links":{"self":[{"href":"https:\/\/revistazetta.com\/index.php?rest_route=\/wp\/v2\/posts\/25242","targetHints":{"allow":["GET"]}}],"collection":[{"href":"https:\/\/revistazetta.com\/index.php?rest_route=\/wp\/v2\/posts"}],"about":[{"href":"https:\/\/revistazetta.com\/index.php?rest_route=\/wp\/v2\/types\/post"}],"author":[{"embeddable":true,"href":"https:\/\/revistazetta.com\/index.php?rest_route=\/wp\/v2\/users\/3"}],"replies":[{"embeddable":true,"href":"https:\/\/revistazetta.com\/index.php?rest_route=%2Fwp%2Fv2%2Fcomments&post=25242"}],"version-history":[{"count":0,"href":"https:\/\/revistazetta.com\/index.php?rest_route=\/wp\/v2\/posts\/25242\/revisions"}],"wp:featuredmedia":[{"embeddable":true,"href":"https:\/\/revistazetta.com\/index.php?rest_route=\/wp\/v2\/media\/25243"}],"wp:attachment":[{"href":"https:\/\/revistazetta.com\/index.php?rest_route=%2Fwp%2Fv2%2Fmedia&parent=25242"}],"wp:term":[{"taxonomy":"category","embeddable":true,"href":"https:\/\/revistazetta.com\/index.php?rest_route=%2Fwp%2Fv2%2Fcategories&post=25242"},{"taxonomy":"post_tag","embeddable":true,"href":"https:\/\/revistazetta.com\/index.php?rest_route=%2Fwp%2Fv2%2Ftags&post=25242"}],"curies":[{"name":"wp","href":"https:\/\/api.w.org\/{rel}","templated":true}]}}