{"id":25244,"date":"2018-03-20T17:12:18","date_gmt":"2018-03-20T22:12:18","guid":{"rendered":"http:\/\/www.revistazetta.com\/?p=25244"},"modified":"2018-03-20T17:12:18","modified_gmt":"2018-03-20T22:12:18","slug":"poemas-taurinos-dia-mundial-la-poesia","status":"publish","type":"post","link":"https:\/\/revistazetta.com\/?p=25244","title":{"rendered":"Poemas taurinos en el D\u00eda Mundial de la Poes\u00eda"},"content":{"rendered":"<p>No hay duda de que los toros son un hecho cultural. La Fiesta ha sido manantial de inspiraci\u00f3n para pintores, escultores, novelistas, poetas&#8230; Desde el poema al conde Fern\u00e1n Gonz\u00e1lez, compuesto por el a\u00f1o 1250, hasta nuestros poetas actuales. Este 21 de marzo, en el declarado <strong>D\u00eda Mundial de la Poes\u00eda<\/strong>, recordamos versos taurinos inolvidables de grandes como Joaqu\u00edn Sabina, Garc\u00eda Lorca, Miguel Hern\u00e1ndez, Alberti o Villal\u00f3n que han cantado al toro y al torero, a la vida y a la muerte:<\/p>\n<p>&nbsp;<\/p>\n<p><strong>JOAQU\u00cdN SABINA<\/strong><\/p>\n<p>Esta tarde la sombra est\u00e1 que arde,<\/p>\n<p>esta tarde comulga el m\u00e1s ateo,<\/p>\n<p>esta tarde Anto\u00f1ete (Dios lo guarde)<\/p>\n<p>desempolva la momia del toreo.<\/p>\n<p>Esta tarde se plancha la muleta,<\/p>\n<p>esta tarde se guarda la distancia,<\/p>\n<p>esta tarde el mech\u00f3n y la coleta<\/p>\n<p>importan porque tiene importancia.<\/p>\n<p>Esta tarde clarines rompehielos,<\/p>\n<p>esta tarde hacen puente las tormentas,<\/p>\n<p>esta tarde se atrasan los mundiales.<\/p>\n<p>Esta tarde se mojan los pa\u00f1uelos,<\/p>\n<p>esta tarde, en su patio de las Ventas,<\/p>\n<p>descumple a\u00f1os Chenel por naturales.<\/p>\n<p>&nbsp;<\/p>\n<p><strong>AN\u00d3NIMO<\/strong><\/p>\n<p>Como los toritos bravos<\/p>\n<p>tienes, gitana, el arranque:<\/p>\n<p>solo te acuerdas de m\u00ed<\/p>\n<p>\u00a1cuando me tienes delante!<\/p>\n<p>&nbsp;<\/p>\n<p><strong>MANUEL MACHADO<\/strong>:<\/p>\n<p>Una nota de clar\u00edn,<\/p>\n<p>desgarrada<\/p>\n<p>penetrante,<\/p>\n<p>rompe el aire con vibrante pu\u00f1alada&#8230;<\/p>\n<p>Da principio el primer espect\u00e1culo.<\/p>\n<p><strong>\u00a0<\/strong><\/p>\n<p><strong>FERNANDO VILLAL\u00d3N<\/strong>:<\/p>\n<p>Plaza de piedra de Ronda,<\/p>\n<p>la de toreros machos:<\/p>\n<p>pide tu balconer\u00eda<\/p>\n<p>una carmen cada palco;<\/p>\n<p>un Romero cada toro,<\/p>\n<p>un Maestrante a caballo<\/p>\n<p>y dos bandidos que pidan<\/p>\n<p>la llave con sus retacos.<\/p>\n<p>Plaza de piedra de Ronda,<\/p>\n<p>la de los toreros machos.<\/p>\n<div id=\"attachment_25246\" style=\"width: 258px\" class=\"wp-caption alignright\"><img loading=\"lazy\" decoding=\"async\" aria-describedby=\"caption-attachment-25246\" class=\"wp-image-25246 size-medium\" src=\"https:\/\/www.revistazetta.com\/wp-content\/uploads\/2018\/03\/Sanchez-Mej\u00edas-llora-a-Joselito-248x300.jpg\" alt=\"\" width=\"248\" height=\"300\" srcset=\"https:\/\/revistazetta.com\/wp-content\/uploads\/2018\/03\/Sanchez-Mej\u00edas-llora-a-Joselito-248x300.jpg 248w, https:\/\/revistazetta.com\/wp-content\/uploads\/2018\/03\/Sanchez-Mej\u00edas-llora-a-Joselito-120x146.jpg 120w, https:\/\/revistazetta.com\/wp-content\/uploads\/2018\/03\/Sanchez-Mej\u00edas-llora-a-Joselito-41x50.jpg 41w, https:\/\/revistazetta.com\/wp-content\/uploads\/2018\/03\/Sanchez-Mej\u00edas-llora-a-Joselito-62x75.jpg 62w, https:\/\/revistazetta.com\/wp-content\/uploads\/2018\/03\/Sanchez-Mej\u00edas-llora-a-Joselito.jpg 396w\" sizes=\"auto, (max-width: 248px) 100vw, 248px\" \/><p id=\"caption-attachment-25246\" class=\"wp-caption-text\">Ignacio S\u00e1nchez Mej\u00edas llora la muerte de Joselito.<\/p><\/div>\n<p><strong>GARC\u00cdA LORCA<\/strong>:<\/p>\n<p>\u00a1Que no quiero verla!<\/p>\n<p>Dile a la luna que venga,<\/p>\n<p>que no quiero ver la sangre<\/p>\n<p>de Ignacio sobre la arena.<\/p>\n<p>\u00a1Que no quiero verla!<\/p>\n<p>La luna de par en par.<\/p>\n<p>Caballo de nubes quietas,<\/p>\n<p>y la plaza gris del sue\u00f1o<\/p>\n<p>con sauces en las barreras.<\/p>\n<p>\u00a1Que no quiero verla!<\/p>\n<p>Que mi recuerdo se quema.<\/p>\n<p>\u00a1Avisad a los jazmines<\/p>\n<p>con su blancura peque\u00f1a!<\/p>\n<p>\u00a1Que no quiero verla!<\/p>\n<p>La vaca del viejo mundo<\/p>\n<p>pasaba su triste lengua<\/p>\n<p>sobre un hocico de sangres<\/p>\n<p>derramadas en la arena,<\/p>\n<p>y los toros de Guisando,<\/p>\n<p>casi muerte y casi piedra,<\/p>\n<p>mugieron como dos siglos<\/p>\n<p>hartos de pisar la tierra.<\/p>\n<p><strong>\u00a0<\/strong><\/p>\n<p><strong>MIGUEL HERN\u00c1NDEZ<\/strong>:<\/p>\n<p>Como el toro he nacido para el luto<\/p>\n<p>y el dolor, como el toro estoy marcado<\/p>\n<p>por un hierro infernal en el costado<\/p>\n<p>y por var\u00f3n en la ingle con un fruto.<\/p>\n<p>Como el toro lo encuentra diminuto<\/p>\n<p>todo mi coraz\u00f3n desmesurado,<\/p>\n<p>y del rostro del beso enamorado,<\/p>\n<p>como el toro a tu amor se lo disputo.<\/p>\n<p>Como el toro me crezco en el castigo,<\/p>\n<p>la lengua en coraz\u00f3n tengo ba\u00f1ada<\/p>\n<p>y llevo al cuello un vendaval sonoro.<\/p>\n<p>Como el toro te sigo y te persigo,<\/p>\n<p>y dejas mi deseo en una espada,<\/p>\n<p>como el toro burlado, como el toro.<\/p>\n<p><strong>\u00a0<\/strong><\/p>\n<p><strong>RAFAEL ALBERTI:<\/strong><\/p>\n<p>De sombra, sol y muerte, volandera<\/p>\n<p>grana zumbando, el ruedo gira herido<\/p>\n<p>por un clar\u00edn de sangre azul torera.<\/p>\n<p>Abanicos de aplausos, en bandadas,<\/p>\n<p>descienden, giradores, del tendido,<\/p>\n<p>la ronda a coronar de los espadas.<\/p>\n<p>Se hace a\u00f1icos el aire, y violento,<\/p>\n<p>un mar por media luna gris mandado<\/p>\n<p>prende fuego a un farol que apaga el viento.<\/p>\n<p>\u00a1Buen caballito de los toros, vuela,<\/p>\n<p>sin m\u00e1s jinete de oro y plata, al prado<\/p>\n<p>de tu gloria de az\u00facar y canela!<\/p>\n<p><strong>\u00a0<\/strong><\/p>\n<p><strong>\u00a0<\/strong><\/p>\n<p><strong>RAFAEL ALBERTI<\/strong><\/p>\n<p>Vuelvo a los toros por ti,<\/p>\n<p>yo, Rafael.<\/p>\n<p>Por ti, al ruedo<\/p>\n<p>\u00a1Ay con m\u00e1s a\u00f1os que\u00a0miedo\u00a1<\/p>\n<p>Luis Miguel.<\/p>\n<p>\u00a1Oh, gran torero de Espa\u00f1a\u00a1,<\/p>\n<p>\u00a1Que cartel\u00a1<\/p>\n<p>que imposible y gran corrida,<\/p>\n<p>la m\u00e1s grande de tu vida,<\/p>\n<p>te propongo, Luis Miguel.<\/p>\n<p>t\u00fa, el \u00fanico matador,<\/p>\n<p>rosa picassiano y oro;<\/p>\n<p>Pablo Ruiz Picasso, el toro,<\/p>\n<p>y yo, el picador.<\/p>\n<p><strong>\u00a0<\/strong><\/p>\n<p><strong>\u00a0<\/strong><\/p>\n<p><strong>GERARDO DIEGO<\/strong>:<\/p>\n<p>Entre un temporal deshecho<\/p>\n<p>la gruesa nave embest\u00eda.<\/p>\n<p>Al pasar por el estrecho<\/p>\n<p>la plaza se estremec\u00eda.<\/p>\n<p>T\u00fa erguido, firme, derecho,<\/p>\n<p>faro en tu roca vig\u00eda,<\/p>\n<p>larga el brazo, \u00e1lzate al techo,<\/p>\n<p>rompa la espuma brav\u00eda.<\/p>\n<p>Y all\u00e1 va el pase de pecho.<\/p>\n<p>&nbsp;<\/p>\n<p>&nbsp;<\/p>\n","protected":false},"excerpt":{"rendered":"<p>No hay duda de que los toros son un hecho cultural. La Fiesta ha sido manantial de inspiraci\u00f3n para pintores, escultores, novelistas, poetas&#8230; Desde el poema al conde Fern\u00e1n Gonz\u00e1lez, compuesto por el a\u00f1o 1250, hasta nuestros poetas actuales. Este 21 de marzo, en el declarado D\u00eda Mundial de la Poes\u00eda, recordamos versos taurinos inolvidables de grandes como Joaqu\u00edn Sabina, Garc\u00eda Lorca, Miguel Hern\u00e1ndez, Alberti o Villal\u00f3n que han cantado al toro y al torero, a la vida y a la muerte: &nbsp; JOAQU\u00cdN SABINA Esta tarde la sombra est\u00e1&#8230; <\/p>\n","protected":false},"author":3,"featured_media":25245,"comment_status":"open","ping_status":"closed","sticky":false,"template":"","format":"standard","meta":{"footnotes":"","_links_to":"","_links_to_target":""},"categories":[41,75,59],"tags":[],"class_list":["post-25244","post","type-post","status-publish","format-standard","has-post-thumbnail","hentry","category-cultura","category-destacada","category-letras"],"_links":{"self":[{"href":"https:\/\/revistazetta.com\/index.php?rest_route=\/wp\/v2\/posts\/25244","targetHints":{"allow":["GET"]}}],"collection":[{"href":"https:\/\/revistazetta.com\/index.php?rest_route=\/wp\/v2\/posts"}],"about":[{"href":"https:\/\/revistazetta.com\/index.php?rest_route=\/wp\/v2\/types\/post"}],"author":[{"embeddable":true,"href":"https:\/\/revistazetta.com\/index.php?rest_route=\/wp\/v2\/users\/3"}],"replies":[{"embeddable":true,"href":"https:\/\/revistazetta.com\/index.php?rest_route=%2Fwp%2Fv2%2Fcomments&post=25244"}],"version-history":[{"count":0,"href":"https:\/\/revistazetta.com\/index.php?rest_route=\/wp\/v2\/posts\/25244\/revisions"}],"wp:featuredmedia":[{"embeddable":true,"href":"https:\/\/revistazetta.com\/index.php?rest_route=\/wp\/v2\/media\/25245"}],"wp:attachment":[{"href":"https:\/\/revistazetta.com\/index.php?rest_route=%2Fwp%2Fv2%2Fmedia&parent=25244"}],"wp:term":[{"taxonomy":"category","embeddable":true,"href":"https:\/\/revistazetta.com\/index.php?rest_route=%2Fwp%2Fv2%2Fcategories&post=25244"},{"taxonomy":"post_tag","embeddable":true,"href":"https:\/\/revistazetta.com\/index.php?rest_route=%2Fwp%2Fv2%2Ftags&post=25244"}],"curies":[{"name":"wp","href":"https:\/\/api.w.org\/{rel}","templated":true}]}}