{"id":25252,"date":"2018-03-21T06:40:33","date_gmt":"2018-03-21T11:40:33","guid":{"rendered":"http:\/\/www.revistazetta.com\/?p=25252"},"modified":"2018-03-21T06:40:33","modified_gmt":"2018-03-21T11:40:33","slug":"orbita-politica-john-zamora-miercoles-21-marzo-2018","status":"publish","type":"post","link":"https:\/\/revistazetta.com\/?p=25252","title":{"rendered":"\u00d3rbita Pol\u00edtica de John Zamora \u2013 mi\u00e9rcoles 21 de marzo 2018"},"content":{"rendered":"<p><strong>Padau\u00ed: \u201cChampion voto\u201d<\/strong><\/p>\n<p>Hernando Padau\u00ed lleg\u00f3 a su tercer periodo consecutivo como Representante a la C\u00e1mara y se consolid\u00f3 como el \u201cChampion voto\u201d en el Departamento, al obtener la primera votaci\u00f3n con 83.906 electores.<\/p>\n<p>Su compa\u00f1era de bancada en Cambio Radical, Karen Cure, obtuvo la sexta curul con 55.154 votos.<\/p>\n<p>Las cifras finales se conocieron durante la entrega de las respectivas credenciales que reconoce a los ganadores oficiales de las elecciones para C\u00e1mara en Bol\u00edvar.<\/p>\n<p>En el segmento conservador, Yamilito Arana Padau\u00ed le gan\u00f3 a Emeterio Montes por m\u00e1s de seis mil votos. Arana obtuvo 80.777 contra 74.057 de Montes. Adem\u00e1s son los m\u00e1s j\u00f3venes, aquel con 27 a\u00f1os, y este con 31.<\/p>\n<p>De igual forma repitieron curul Silvio Carrasquilla, liberal, con 60.226 votos finales, y Alonso del R\u00edo, del Partido de La U, con 57.288\u00a0 votos.<\/p>\n<p>&nbsp;<\/p>\n<p>&nbsp;<\/p>\n<p><strong>\u201cRiesgo de clientelismo\u201d: Ara\u00fajo<\/strong><\/p>\n<p>En plenaria de Senado el congresista Fernando Ara\u00fajo dej\u00f3 constancia sobre la crisis que atraviesa Cartagena y el proceso electoral que se avecina para la escogencia de un nuevo Alcalde.<\/p>\n<p>A continuaci\u00f3n texto de la constancia:<\/p>\n<p>\u201cDe nuevo Cartagena tiene elecciones at\u00edpicas. Enorme riesgo de seguir por el camino del clientelismo o la oportunidad de trabajar con una administrar p\u00fablica que resuelva los problemas del Distrito.<\/p>\n<p>Cartagena atraviesa la crisis institucional m\u00e1s profunda en su historia reciente. La ciudad no tiene POT, no tiene PEMP, no tiene plan de movilidad, no ejecuta el plan de drenajes, ni el de adaptaci\u00f3n al cambio clim\u00e1tico.<\/p>\n<p>El cambio que requiere Cartagena exige un alcalde que no viole los topes electorales ni se hipoteque con financistas oscuros para quedar con la libertad de ejecutar las pol\u00edticas que la ciudad requiere.<\/p>\n<p>El 38% de los problemas de inseguridad en los barrios se deben a la drogadicci\u00f3n y al tr\u00e1fico de drogas. A las ollas de microtr\u00e1fico se les debe aplicar extinci\u00f3n de dominio para entregarla en recompensa a las comunidades que persiguen la venta de drogas.<\/p>\n<p>La prohibici\u00f3n de armas, lejos de resolver el problema de inseguridad lo ha incrementado. En el 2017 aument\u00f3 la utilizaci\u00f3n de armas de fuego en los hurtos en m\u00e1s del 100%, seg\u00fan cifras del COSED.<\/p>\n<p>Hoy Cartagena es epicentro de drogas, prostituci\u00f3n, turismo sexual y abuso sexual de menores por la permisividad de las autoridades. Solo hace pocos d\u00edas sali\u00f3 a la luz el caso del presunto tour de la violaci\u00f3n que tiene indignado a los cartageneros y colombianos. Este flagelo hay que combatirlo con toda determinaci\u00f3n. Necesitamos que el Alcalde sea el comandante en jefe de la Polic\u00eda Metropolitana de Cartagena.<\/p>\n<p>Edurbe es una joya en bruto que no puede seguir siendo un simple instrumento para eludir la Ley 80 de contrataci\u00f3n p\u00fablica. Es el momento de sanear Edurbe, darle una estructura organizacional acorde con su objeto social, otorgarle una independencia que la blinde de los ciclos pol\u00edticos junto con una visi\u00f3n a largo plazo. As\u00ed contaremos con una empresa de primer orden que lidere y estructure los macro proyectos y proyectos de la ciudad y una gran fuente de recursos de libre destinaci\u00f3n para acometer las obras sociales y de infraestructura que con tanta urgencia se requieren.<\/p>\n<p>El aumento permanente de los impuestos mantienen asfixiados a los cartageneros. La administraci\u00f3n tendr\u00e1 que congelar el impuesto predial en la ciudad de Cartagena por 36 meses ante la necesidad de aliviar la carga tributaria de los cartageneros, impulsar la econom\u00eda, el consumo y el ahorro.<\/p>\n<p>La administraci\u00f3n exige modernidad y eficacia. Cero corbatas. La meta debe ser reducir las OPS a 1.500.<\/p>\n<p>El prop\u00f3sito superior de la ciudad tiene que ser eliminar por completo la pobreza extrema. Todos los candidatos a la alcald\u00eda\u00a0 se tienen que comprometer con la creaci\u00f3n del fondo para la erradicaci\u00f3n de la pobreza extrema en Cartagena al a\u00f1o 2033, implementando el plan que propone el Banco de la Rep\u00fablica.<\/p>\n<p>No se deben permitir invasiones\u00a0 en el Cerro de la Popa, Albornoz y la Ci\u00e9naga de la Virgen. Aqu\u00ed se concentra el 75% de la poblaci\u00f3n en condici\u00f3n de miseria en Cartagena. Estas son zonas de riesgo que exigen la reubicaci\u00f3n de 5.061 familias.<\/p>\n<p>Uno de cada tres j\u00f3venes en edad de estudiar en Cartagena no asiste al colegio. Son 71.947 ni\u00f1os que no van al colegio. 70% viven en Nelson Mandela, El Poz\u00f3n y Olaya. Debemos garantizarle la educaci\u00f3n a todos los ni\u00f1os cartageneros.<\/p>\n<p>Para combatir la deserci\u00f3n y la inasistencia escolar se debe implementar la Jornada \u00danica Escolar garantizando a los estudiantes alimentaci\u00f3n gratuita y de calidad junto a doble titulaci\u00f3n.<\/p>\n<p>Es necesario recuperar la ESE Cartagena de Indias a trav\u00e9s de la recuperaci\u00f3n de la cartera, la ampliaci\u00f3n de su infraestructura hospitalaria y aun m\u00e1s importante, arrebat\u00e1rsela a las mafias politiqueras que han jugado con la salud de los cartageneros.<\/p>\n<p>Finalmente, los cartageneros queremos un gobierno de di\u00e1logo permanente en las tres localidades de Cartagena\u201d.<\/p>\n<p>&nbsp;<\/p>\n<p><strong>Incorporan $8 mil millones<\/strong><\/p>\n<p>El Proyecto de Acuerdo 093 por medio del cual se efect\u00faa una incorporaci\u00f3n en el presupuesto de rentas, recursos de capital y recursos de fondos especiales; apropiaciones de funcionamiento y de servicio de la deuda del Distrito de Cartagena, que hacen parte de la vigencia fiscal 2018, fue presentado ante audiencia p\u00fablica al Concejo de Cartagena.<\/p>\n<p>Lo anterior con el fin de revisar la disposici\u00f3n de $7.989.473.599 pesos que ser\u00e1n destinados a diferentes dependencias del Distrito.<\/p>\n<p>La secretaria de Hacienda, Sibila Carre\u00f1o, y el Jefe de Presupuesto, Luis Cano, entre otros funcionarios de la Alcald\u00eda, explicaron que los recursos a incorporar provienen una parte de Participaciones, $696.492.960; de Recursos de Capital $3.047.126.063, y de Recursos de Fondos Especiales $4.245.854.576, \u00a0lo que suma el valor total del proyecto.<\/p>\n<p>Los recursos ser\u00e1n destinados al\u00a0 Sistema General de Participaciones (SGP), al R\u00e9gimen Subsidiado de Salud, salud p\u00fablica, prestaci\u00f3n de servicios en salud, agua potable y saneamiento b\u00e1sico, deportes y cultura, entre otros sectores.<\/p>\n<p><strong>Salud<\/strong>: se destinar\u00e1n en niveles de atenci\u00f3n II, III y IV \u00a0por servicios de alta complejidad en poblaci\u00f3n vulnerable del Distrito y para garantizar la continuidad de la afiliaci\u00f3n al R\u00e9gimen Subsidiado, adem\u00e1s en \u00a0la ejecuci\u00f3n en actividades y procedimientos en relaci\u00f3n a la salud p\u00fablica.<\/p>\n<p><strong>Agua Potable y Saneamiento B\u00e1sico:<\/strong>\u00a0pagos de subsidios de aseo.<\/p>\n<p><strong>Deporte:\u00a0<\/strong>Adquisici\u00f3n de insumos para aseo y mantenimiento de los escenarios deportivos.<\/p>\n<p><strong>Cultura:\u00a0<\/strong>Una convocatoria denominada \u201cL\u00ednea de gesti\u00f3n de emprendimiento a artistas\u201d y se otorgar\u00e1 un est\u00edmulo al ganador.<\/p>\n<p><strong>Otros sectores:\u00a0<\/strong>Recursos para la gesti\u00f3n del Riesgo de Desastres y pago de servicios p\u00fablicos de las instituciones educativas (agua potable, alcantarillado, energ\u00eda y recolecci\u00f3n de basuras).<\/p>\n<p>A la sesi\u00f3n asisti\u00f3 un representante del colectivo cultural de Cartagena, Luis Alberto Salazar, quien expuso su inconformidad por los pocos recursos que est\u00e1n propuestos en este proyecto de acuerdo para el sector: \u201cSolicitamos respetuosamente a la Corporaci\u00f3n que devuelva esos 30 millones de pesos, porque es irrisorio utilizarlos para una convocatoria con las industrias creativas. Es preferible incorporarlos al presupuesto general y abran una convocatoria m\u00e1s amplia para que nos den oportunidades a todos y no a un solo ganador\u201d.<\/p>\n<p>&nbsp;<\/p>\n","protected":false},"excerpt":{"rendered":"<p>Padau\u00ed: \u201cChampion voto\u201d Hernando Padau\u00ed lleg\u00f3 a su tercer periodo consecutivo como Representante a la C\u00e1mara y se consolid\u00f3 como el \u201cChampion voto\u201d en el Departamento, al obtener la primera votaci\u00f3n con 83.906 electores. Su compa\u00f1era de bancada en Cambio Radical, Karen Cure, obtuvo la sexta curul con 55.154 votos. Las cifras finales se conocieron durante la entrega de las respectivas credenciales que reconoce a los ganadores oficiales de las elecciones para C\u00e1mara en Bol\u00edvar. En el segmento conservador, Yamilito Arana Padau\u00ed le gan\u00f3 a Emeterio Montes por m\u00e1s de&#8230; <\/p>\n","protected":false},"author":3,"featured_media":25253,"comment_status":"open","ping_status":"closed","sticky":false,"template":"","format":"standard","meta":{"footnotes":"","_links_to":"","_links_to_target":""},"categories":[44,75,47,45],"tags":[],"class_list":["post-25252","post","type-post","status-publish","format-standard","has-post-thumbnail","hentry","category-materiagris","category-destacada","category-john-zamora","category-orbita"],"_links":{"self":[{"href":"https:\/\/revistazetta.com\/index.php?rest_route=\/wp\/v2\/posts\/25252","targetHints":{"allow":["GET"]}}],"collection":[{"href":"https:\/\/revistazetta.com\/index.php?rest_route=\/wp\/v2\/posts"}],"about":[{"href":"https:\/\/revistazetta.com\/index.php?rest_route=\/wp\/v2\/types\/post"}],"author":[{"embeddable":true,"href":"https:\/\/revistazetta.com\/index.php?rest_route=\/wp\/v2\/users\/3"}],"replies":[{"embeddable":true,"href":"https:\/\/revistazetta.com\/index.php?rest_route=%2Fwp%2Fv2%2Fcomments&post=25252"}],"version-history":[{"count":0,"href":"https:\/\/revistazetta.com\/index.php?rest_route=\/wp\/v2\/posts\/25252\/revisions"}],"wp:featuredmedia":[{"embeddable":true,"href":"https:\/\/revistazetta.com\/index.php?rest_route=\/wp\/v2\/media\/25253"}],"wp:attachment":[{"href":"https:\/\/revistazetta.com\/index.php?rest_route=%2Fwp%2Fv2%2Fmedia&parent=25252"}],"wp:term":[{"taxonomy":"category","embeddable":true,"href":"https:\/\/revistazetta.com\/index.php?rest_route=%2Fwp%2Fv2%2Fcategories&post=25252"},{"taxonomy":"post_tag","embeddable":true,"href":"https:\/\/revistazetta.com\/index.php?rest_route=%2Fwp%2Fv2%2Ftags&post=25252"}],"curies":[{"name":"wp","href":"https:\/\/api.w.org\/{rel}","templated":true}]}}