{"id":25349,"date":"2018-03-27T16:45:29","date_gmt":"2018-03-27T21:45:29","guid":{"rendered":"http:\/\/www.revistazetta.com\/?p=25349"},"modified":"2018-03-27T16:45:29","modified_gmt":"2018-03-27T21:45:29","slug":"cartagena-la-sacara-del-estadio-andres-dice-orlando-cabrera","status":"publish","type":"post","link":"https:\/\/revistazetta.com\/?p=25349","title":{"rendered":"Cartagena la \u201csacar\u00e1 del estadio\u201d con Andr\u00e9s, dice Orlando Cabrera"},"content":{"rendered":"<p><img loading=\"lazy\" decoding=\"async\" class=\"alignright size-medium wp-image-25351\" src=\"https:\/\/www.revistazetta.com\/wp-content\/uploads\/2018\/03\/IMG_2170-300x188.jpg\" alt=\"\" width=\"300\" height=\"188\" srcset=\"https:\/\/revistazetta.com\/wp-content\/uploads\/2018\/03\/IMG_2170-300x188.jpg 300w, https:\/\/revistazetta.com\/wp-content\/uploads\/2018\/03\/IMG_2170-234x146.jpg 234w, https:\/\/revistazetta.com\/wp-content\/uploads\/2018\/03\/IMG_2170-50x31.jpg 50w, https:\/\/revistazetta.com\/wp-content\/uploads\/2018\/03\/IMG_2170-120x75.jpg 120w, https:\/\/revistazetta.com\/wp-content\/uploads\/2018\/03\/IMG_2170.jpg 768w\" sizes=\"auto, (max-width: 300px) 100vw, 300px\" \/>Cartagena la \u201csacar\u00e1 del estadio\u201d con un gobierno serio, transparente y din\u00e1mico, y por eso la gente debe decidirse por Andr\u00e9s Betancourt, expres\u00f3 Orlando Cabrera, gloria del b\u00e9isbol colombiano.<\/p>\n<p>Cabrera asisti\u00f3 a la firma de un Acuerdo por el Deporte de Cartagena, en la sede pol\u00edtica del candidato a la Alcald\u00eda, Andr\u00e9s Betancourt.<\/p>\n<p>Se trata de un compromiso para respaldar proyectos y emprendimientos deportivos en Cartagena, y de esa manera garantizar beneficios para el derecho social al deporte y la recreaci\u00f3n.<\/p>\n<p>Este es el texto\u00a0Gran Acuerdo por el Deporte:<br \/>\n<em><span style=\"color: #000080;\"><strong>Andr\u00e9s Betancourt Alcalde #LoHaremos<\/strong><\/span><\/em><\/p>\n<p><em><span style=\"color: #000080;\"><img loading=\"lazy\" decoding=\"async\" class=\"alignright size-medium wp-image-25352\" src=\"https:\/\/www.revistazetta.com\/wp-content\/uploads\/2018\/03\/IMG_2171-300x188.jpg\" alt=\"\" width=\"300\" height=\"188\" srcset=\"https:\/\/revistazetta.com\/wp-content\/uploads\/2018\/03\/IMG_2171-300x188.jpg 300w, https:\/\/revistazetta.com\/wp-content\/uploads\/2018\/03\/IMG_2171-234x146.jpg 234w, https:\/\/revistazetta.com\/wp-content\/uploads\/2018\/03\/IMG_2171-50x31.jpg 50w, https:\/\/revistazetta.com\/wp-content\/uploads\/2018\/03\/IMG_2171-120x75.jpg 120w, https:\/\/revistazetta.com\/wp-content\/uploads\/2018\/03\/IMG_2171.jpg 768w\" sizes=\"auto, (max-width: 300px) 100vw, 300px\" \/>La administraci\u00f3n distrital tiene compromisos superiores y fundamentales con la comunidad en materia de Deporte y Recreaci\u00f3n que empiezan por el aprovechamiento del Tiempo libre, educaci\u00f3n extraescolar, educaci\u00f3n fisica, deportes, deporte formativo, Deporte social comunitario, Deporte universitario, Deporte asociado, Deporte competitivo, Deporte aficionado, Deporte profesional y la institucionalidad para que trabaje bien El sistema Nacional del Deporte en alianzas publico-privada.<\/span><\/em><\/p>\n<p><em><span style=\"color: #000080;\">Es as\u00ed como nos comprometidos a: incluir en el POT y Normas urbanisticas, espacios e infraestructuras necesarias para cubrir las necesidades sociales y colectivas de caracter deportivo y recreativo; desarrollar de forma participativa programas que fomenten el deporte, la Recreaci\u00f3n, el aprovechamiento del Tiempo libre y la educaci\u00f3n fisica; aumentar la oferta por Unidades Comuneras de Gobierno de escenarios deportivos; cooperar con entes p\u00fablicos y privados para cumplir con los objetivos de la ley 715; dar y promover oportunidades laborales a los deportistas cartageneros ganadores de medallas en justas nacionales e internacionales; coordinar con la policia Nacional y coldeportes el servicio militar en la modalidad de servicio civico deportivo, en especial para bachilleres deportistas; adoptar un plan distrital de Deporte que encaje en la pol\u00edtica Nacional del sector; trazar la linea de inversiones con recursos de la Naci\u00f3n para programas deportivos y de Recreaci\u00f3n; apoyar la educaci\u00f3n deportivo extraescolar con organizaci\u00f3nes sociales en aras de propiciar la socializaci\u00f3n de ideas y valores asociados al Deporte y la Recreaci\u00f3n; fomentar la educaci\u00f3n de docentes para el reclutamiento de talentos deportivos con alto rendimiento; dotar y generar pol\u00edtica p\u00fablica mucho mas fuerte para que las comunidades ancestrales afrodescendientes e indigenas puedan hacer del Deporte y la Recreaci\u00f3n una herramienta de promoci\u00f3n social; mejorar a trav\u00e9s de un plan de inversiones relampago la dotaci\u00f3n de infraestructura deportiva en Los colegios p\u00fablicos con cofinanciaci\u00f3n del Gobierno Nacional; velar por la practica deportiva interempresarial en ayuda con las cajas de compensaci\u00f3n familiar y entidades especializados; promover y apoyar la competitividad deportiva interuniversitaria; rescatar como pol\u00edtica distrital deportes como el baloncesto, volleyball y el boxeo; mejorar Toda la institucionalidad p\u00fablica para el favorecimiento del Beisbol y el softball; apoyar con partidas de recursos y planes la promoci\u00f3n de actividades deportivas como Las disciplinas de playa, ciclismo, mountain bike, CrossFit, rugby, fisicoculturismo, deportes extremos callejeros, en fin, todas aquellas disciplinas que vienen cobrando importancia; apoyar a los peque\u00f1os empresarios de academias, gimnasios, Centros de ense\u00f1anza de artes marciales, etc; fortalecer el esfuerzo seccional para lograr tener Los mejores juegos deportivos nacionales en 2019.<\/span><\/em><\/p>\n<p><em><span style=\"color: #000080;\">Todo esto y mas, para beneficio del derecho social al Deporte y la Recreaci\u00f3n #LoHaremos<\/span><\/em><\/p>\n","protected":false},"excerpt":{"rendered":"<p>Cartagena la \u201csacar\u00e1 del estadio\u201d con un gobierno serio, transparente y din\u00e1mico, y por eso la gente debe decidirse por Andr\u00e9s Betancourt, expres\u00f3 Orlando Cabrera, gloria del b\u00e9isbol colombiano. Cabrera asisti\u00f3 a la firma de un Acuerdo por el Deporte de Cartagena, en la sede pol\u00edtica del candidato a la Alcald\u00eda, Andr\u00e9s Betancourt. Se trata de un compromiso para respaldar proyectos y emprendimientos deportivos en Cartagena, y de esa manera garantizar beneficios para el derecho social al deporte y la recreaci\u00f3n. Este es el texto\u00a0Gran Acuerdo por el Deporte: Andr\u00e9s&#8230; <\/p>\n","protected":false},"author":3,"featured_media":25350,"comment_status":"open","ping_status":"closed","sticky":false,"template":"","format":"standard","meta":{"footnotes":"","_links_to":"","_links_to_target":""},"categories":[75,4],"tags":[],"class_list":["post-25349","post","type-post","status-publish","format-standard","has-post-thumbnail","hentry","category-destacada","category-politica"],"_links":{"self":[{"href":"https:\/\/revistazetta.com\/index.php?rest_route=\/wp\/v2\/posts\/25349","targetHints":{"allow":["GET"]}}],"collection":[{"href":"https:\/\/revistazetta.com\/index.php?rest_route=\/wp\/v2\/posts"}],"about":[{"href":"https:\/\/revistazetta.com\/index.php?rest_route=\/wp\/v2\/types\/post"}],"author":[{"embeddable":true,"href":"https:\/\/revistazetta.com\/index.php?rest_route=\/wp\/v2\/users\/3"}],"replies":[{"embeddable":true,"href":"https:\/\/revistazetta.com\/index.php?rest_route=%2Fwp%2Fv2%2Fcomments&post=25349"}],"version-history":[{"count":0,"href":"https:\/\/revistazetta.com\/index.php?rest_route=\/wp\/v2\/posts\/25349\/revisions"}],"wp:featuredmedia":[{"embeddable":true,"href":"https:\/\/revistazetta.com\/index.php?rest_route=\/wp\/v2\/media\/25350"}],"wp:attachment":[{"href":"https:\/\/revistazetta.com\/index.php?rest_route=%2Fwp%2Fv2%2Fmedia&parent=25349"}],"wp:term":[{"taxonomy":"category","embeddable":true,"href":"https:\/\/revistazetta.com\/index.php?rest_route=%2Fwp%2Fv2%2Fcategories&post=25349"},{"taxonomy":"post_tag","embeddable":true,"href":"https:\/\/revistazetta.com\/index.php?rest_route=%2Fwp%2Fv2%2Ftags&post=25349"}],"curies":[{"name":"wp","href":"https:\/\/api.w.org\/{rel}","templated":true}]}}