{"id":25353,"date":"2018-03-27T17:16:36","date_gmt":"2018-03-27T22:16:36","guid":{"rendered":"http:\/\/www.revistazetta.com\/?p=25353"},"modified":"2018-03-27T17:19:09","modified_gmt":"2018-03-27T22:19:09","slug":"oscar-marin-solicito-curul-perdio-jorge-useche","status":"publish","type":"post","link":"https:\/\/revistazetta.com\/?p=25353","title":{"rendered":"\u00d3scar Mar\u00edn solicit\u00f3 curul que perdi\u00f3 Jorge Useche"},"content":{"rendered":"<p>El actual secretario de Educaci\u00f3n Departamental, \u00d3scar Mar\u00edn Villalba, quien aspir\u00f3 al Concejo en 2015 por el partido Conservador, solicit\u00f3 formalmente le sea asignada la curul que ocup\u00f3 Jorge Useche Correa.<\/p>\n<p>En carta a Wilson Toncel, presidente del Concejo, Mar\u00edn Villalba expresa que Zaith Adechine y Jorge Useche son los dos concejales conservadores a los que se le anul\u00f3 la credencial, por distintas razones, y que la norma expresa que se debe llamar al siguiente en votaci\u00f3n.<\/p>\n<p>Dado que Rodrigo Reyes ingres\u00f3 Zaith Adechine, ahora le corresponde a \u00e9l ingresar por Useche.<\/p>\n<p>El 30 de agosto de 2017, la Secci\u00f3n Quinta del Consejo de Estado confirm\u00f3 la sentencia de febrero de ese mismo a\u00f1o emanada del Tribunal Administrativo de Bol\u00edvar, que anul\u00f3 la credencial de Useche Correa.<\/p>\n<p>Adem\u00e1s de esta situaci\u00f3n, Useche tambi\u00e9n enfrenta un proceso penal por el esc\u00e1ndalo de la elecci\u00f3n de la contralora Nubia Fontalvo, quien tambi\u00e9n vio anulada su elecci\u00f3n. Ambos, igualmente, est\u00e1n privados de la libertad en un proceso donde tambi\u00e9n pesa medida de aseguramiento intramural contra el exalcalde Manolo Duque y su primo hermano Jos\u00e9 Juli\u00e1n V\u00e1squez.<\/p>\n<p>Actualmente el Concejo solo est\u00e1 sesionando con siete de sus 19 miembros originales, tras la masiva medida de aseguramiento domiciliaria que recay\u00f3 sobre ocho de sus integrantes hace un par de semanas, tambi\u00e9n relacionada con la an\u00f3mala elecci\u00f3n de la excontralora Fontalvo.<\/p>\n<p>En la re\u00f1ida cuarta curul que obtuvo el partido Conservador en las elecciones de 2015, Useche obtuvo 4.641 votos, Rodrigo Reyes 4.600 y \u00d3scar Mar\u00edn 4.246.<\/p>\n<p>Mar\u00edn Villalba se hab\u00eda mantenido pasivo y expectante en torno a la posibilidad de llegar al Concejo, y es la primera vez que se hace palpable una maniobra para concretar ese paso. Todas sus actuaciones p\u00fabicas se han circunscrito a sus labores como secretario departamental de Educaci\u00f3n.<\/p>\n","protected":false},"excerpt":{"rendered":"<p>El actual secretario de Educaci\u00f3n Departamental, \u00d3scar Mar\u00edn Villalba, quien aspir\u00f3 al Concejo en 2015 por el partido Conservador, solicit\u00f3 formalmente le sea asignada la curul que ocup\u00f3 Jorge Useche Correa. En carta a Wilson Toncel, presidente del Concejo, Mar\u00edn Villalba expresa que Zaith Adechine y Jorge Useche son los dos concejales conservadores a los que se le anul\u00f3 la credencial, por distintas razones, y que la norma expresa que se debe llamar al siguiente en votaci\u00f3n. Dado que Rodrigo Reyes ingres\u00f3 Zaith Adechine, ahora le corresponde a \u00e9l ingresar&#8230; <\/p>\n","protected":false},"author":3,"featured_media":25354,"comment_status":"open","ping_status":"closed","sticky":false,"template":"","format":"standard","meta":{"footnotes":"","_links_to":"","_links_to_target":""},"categories":[75,27,4],"tags":[],"class_list":["post-25353","post","type-post","status-publish","format-standard","has-post-thumbnail","hentry","category-destacada","category-politicaconcejo","category-politica"],"_links":{"self":[{"href":"https:\/\/revistazetta.com\/index.php?rest_route=\/wp\/v2\/posts\/25353","targetHints":{"allow":["GET"]}}],"collection":[{"href":"https:\/\/revistazetta.com\/index.php?rest_route=\/wp\/v2\/posts"}],"about":[{"href":"https:\/\/revistazetta.com\/index.php?rest_route=\/wp\/v2\/types\/post"}],"author":[{"embeddable":true,"href":"https:\/\/revistazetta.com\/index.php?rest_route=\/wp\/v2\/users\/3"}],"replies":[{"embeddable":true,"href":"https:\/\/revistazetta.com\/index.php?rest_route=%2Fwp%2Fv2%2Fcomments&post=25353"}],"version-history":[{"count":0,"href":"https:\/\/revistazetta.com\/index.php?rest_route=\/wp\/v2\/posts\/25353\/revisions"}],"wp:featuredmedia":[{"embeddable":true,"href":"https:\/\/revistazetta.com\/index.php?rest_route=\/wp\/v2\/media\/25354"}],"wp:attachment":[{"href":"https:\/\/revistazetta.com\/index.php?rest_route=%2Fwp%2Fv2%2Fmedia&parent=25353"}],"wp:term":[{"taxonomy":"category","embeddable":true,"href":"https:\/\/revistazetta.com\/index.php?rest_route=%2Fwp%2Fv2%2Fcategories&post=25353"},{"taxonomy":"post_tag","embeddable":true,"href":"https:\/\/revistazetta.com\/index.php?rest_route=%2Fwp%2Fv2%2Ftags&post=25353"}],"curies":[{"name":"wp","href":"https:\/\/api.w.org\/{rel}","templated":true}]}}