{"id":25366,"date":"2018-03-30T09:46:09","date_gmt":"2018-03-30T14:46:09","guid":{"rendered":"http:\/\/www.revistazetta.com\/?p=25366"},"modified":"2018-03-30T09:46:25","modified_gmt":"2018-03-30T14:46:25","slug":"alcaldia-arjona-ejecuta-plan-accion-frente-caso-sarampion","status":"publish","type":"post","link":"https:\/\/revistazetta.com\/?p=25366","title":{"rendered":"Alcald\u00eda de Arjona\u00a0ejecuta plan de acci\u00f3n frente a caso de sarampi\u00f3n"},"content":{"rendered":"<div dir=\"auto\">Frente a la alerta del caso de sarampi\u00f3n confirmado en el municipio de Arjona, la Alcald\u00eda Municipal, a trav\u00e9s de la Secretar\u00eda de Salud\u00a0 y en acompa\u00f1amiento de la Gobernaci\u00f3n de Bol\u00edvar, se encuentra realizando las acciones pertinentes del protocolo establecido por el Instituto Nacional de Salud -INS-.<\/div>\n<div dir=\"auto\"><\/div>\n<div dir=\"auto\">Teniendo solo seis d\u00edas de estar en\u00a0 el municipio, el ni\u00f1o de 16 meses de edad proveniente de Caracas, Venezuela, fue identificado por el personal de salud, donde inmediatamente fue atendido por la ESE Hospital Local de Arjona, siendo remitido el pasado lunes a la Fundaci\u00f3n Hospital Infantil Napole\u00f3n Franco Pareja, donde permaneci\u00f3 hasta el d\u00eda de ayer.<\/div>\n<div dir=\"auto\">Personal calificado de la Administraci\u00f3n Municipal de Arjona, de la mano de la Gobernaci\u00f3n de Bol\u00edvar y del Instituto Nacional de Salud culminan el proceso de b\u00fasqueda activa de personas que no tienen el esquema de vacunaci\u00f3n y monitoreo para detener la propagaci\u00f3n de esta enfermedad. As\u00ed como se encuentran realizando vacunaci\u00f3n a ni\u00f1os, ni\u00f1as y adultos del sector donde reside el ni\u00f1o.<\/div>\n<div dir=\"auto\"><\/div>\n<div dir=\"auto\">\u201cEn el municipio de Arjona estamos atentos para realizar cualquier proceso de salud para los arjoneros, as\u00ed como para los Colombo- venezolanos y venezolanos que se encuentran en nuestro territorio. Estamos en alerta, pero tambi\u00e9n podemos decir que estamos tranquilos por el esquema de cobertura que tiene el municipio y el departamento\u201d, manifiesto la alcaldesa de Arjona Esther Mar\u00eda Jalilie Garc\u00eda.<\/div>\n<div dir=\"auto\">La mandataria de los arjoneros recalc\u00f3 la invitaci\u00f3n para las personas que ingresan del vecino pa\u00eds de Venezuela, a qu\u00e9 se acerquen a la Personer\u00eda Municipal para su legalizaci\u00f3n y as\u00ed poder completar el Censo para brindarles una mejor atenci\u00f3n a sus necesidades.<\/div>\n","protected":false},"excerpt":{"rendered":"<p>Frente a la alerta del caso de sarampi\u00f3n confirmado en el municipio de Arjona, la Alcald\u00eda Municipal, a trav\u00e9s de la Secretar\u00eda de Salud\u00a0 y en acompa\u00f1amiento de la Gobernaci\u00f3n de Bol\u00edvar, se encuentra realizando las acciones pertinentes del protocolo establecido por el Instituto Nacional de Salud -INS-. Teniendo solo seis d\u00edas de estar en\u00a0 el municipio, el ni\u00f1o de 16 meses de edad proveniente de Caracas, Venezuela, fue identificado por el personal de salud, donde inmediatamente fue atendido por la ESE Hospital Local de Arjona, siendo remitido el pasado&#8230; <\/p>\n","protected":false},"author":3,"featured_media":25367,"comment_status":"open","ping_status":"closed","sticky":false,"template":"","format":"standard","meta":{"footnotes":"","_links_to":"","_links_to_target":""},"categories":[75,80],"tags":[],"class_list":["post-25366","post","type-post","status-publish","format-standard","has-post-thumbnail","hentry","category-destacada","category-region"],"_links":{"self":[{"href":"https:\/\/revistazetta.com\/index.php?rest_route=\/wp\/v2\/posts\/25366","targetHints":{"allow":["GET"]}}],"collection":[{"href":"https:\/\/revistazetta.com\/index.php?rest_route=\/wp\/v2\/posts"}],"about":[{"href":"https:\/\/revistazetta.com\/index.php?rest_route=\/wp\/v2\/types\/post"}],"author":[{"embeddable":true,"href":"https:\/\/revistazetta.com\/index.php?rest_route=\/wp\/v2\/users\/3"}],"replies":[{"embeddable":true,"href":"https:\/\/revistazetta.com\/index.php?rest_route=%2Fwp%2Fv2%2Fcomments&post=25366"}],"version-history":[{"count":0,"href":"https:\/\/revistazetta.com\/index.php?rest_route=\/wp\/v2\/posts\/25366\/revisions"}],"wp:featuredmedia":[{"embeddable":true,"href":"https:\/\/revistazetta.com\/index.php?rest_route=\/wp\/v2\/media\/25367"}],"wp:attachment":[{"href":"https:\/\/revistazetta.com\/index.php?rest_route=%2Fwp%2Fv2%2Fmedia&parent=25366"}],"wp:term":[{"taxonomy":"category","embeddable":true,"href":"https:\/\/revistazetta.com\/index.php?rest_route=%2Fwp%2Fv2%2Fcategories&post=25366"},{"taxonomy":"post_tag","embeddable":true,"href":"https:\/\/revistazetta.com\/index.php?rest_route=%2Fwp%2Fv2%2Ftags&post=25366"}],"curies":[{"name":"wp","href":"https:\/\/api.w.org\/{rel}","templated":true}]}}