{"id":25368,"date":"2018-03-31T20:40:15","date_gmt":"2018-04-01T01:40:15","guid":{"rendered":"http:\/\/www.revistazetta.com\/?p=25368"},"modified":"2018-03-31T20:43:54","modified_gmt":"2018-04-01T01:43:54","slug":"montanas-excremento-opinion-alvaro-royo-desde-xiamen","status":"publish","type":"post","link":"https:\/\/revistazetta.com\/?p=25368","title":{"rendered":"Monta\u00f1as de excremento \u2013 Opini\u00f3n de \u00c1lvaro Royo desde Xiamen"},"content":{"rendered":"<p><span style=\"color: #000080;\"><strong>Por \u00c1lvaro Royo (Especial para Revista Zetta).- (Xiamen \u2013 China).-<\/strong><\/span> Chateando con mi t\u00edo Kike B\u00e1rcenas y argumentando sobre los diferentes candidatos (b\u00e1sicamente de Duque) pero cada vez que mencionaba algo de Duque, \u00e9l mencionaba a Petro, y yo insist\u00eda que sac\u00e1ramos a Petro de la discusi\u00f3n pero era imposible, ninguno de nosotros dos apoya a Petro pero siempre entraba en la discusi\u00f3n, \u00bfcurioso, no?<\/p>\n<p>Luego me restreg\u00f3 unas palabras en la cara y me dijo \u2018\u2019Definitivamente tu eres anti Duque\u2019\u2019 yo le respond\u00ed noooooo, es todo lo contrario, para mi Duque es de lejos el mejor candidato, joven, guapo, inteligente y con un excelente discurso y don de palabra, el problema no es Duque, segu\u00ed, el problema son LAS MONTA\u00d1AS DE EX<img loading=\"lazy\" decoding=\"async\" class=\"alignright size-medium wp-image-25374\" src=\"https:\/\/www.revistazetta.com\/wp-content\/uploads\/2018\/03\/c4-300x225.jpg\" alt=\"\" width=\"300\" height=\"225\" srcset=\"https:\/\/revistazetta.com\/wp-content\/uploads\/2018\/03\/c4-300x225.jpg 300w, https:\/\/revistazetta.com\/wp-content\/uploads\/2018\/03\/c4-194x146.jpg 194w, https:\/\/revistazetta.com\/wp-content\/uploads\/2018\/03\/c4-50x38.jpg 50w, https:\/\/revistazetta.com\/wp-content\/uploads\/2018\/03\/c4-100x75.jpg 100w, https:\/\/revistazetta.com\/wp-content\/uploads\/2018\/03\/c4.jpg 638w\" sizes=\"auto, (max-width: 300px) 100vw, 300px\" \/>CREMENTO SOBRE LAS QUE ESTA CABALGANDO, y volvi\u00f3 mi t\u00edo a mencionar a Petro y all\u00ed se acab\u00f3 la conversaci\u00f3n.<\/p>\n<p>Entonces me fui para Google y trat\u00e9 de buscar un poco en la historia de este joven e interesante senador y ahora excelente candidato, pues resulta que Duque es hijo de un pol\u00edtico de toda la vida del partido liberal que fue Gobernador de Antioquia, gerente del Instituto de Cr\u00e9dito Territorial, Ministro de Minas y Desarrollo durante la Presidencia de Belisario Betancur y negacionista de la erupci\u00f3n del Volc\u00e1n del Nevado del Ruiz hasta que este explot\u00f3 y desapareci\u00f3 el pueblo de Armero y alrededor de 30 mil personas murieron, y la fresa del postre Registrador Nacional con esc\u00e1ndalos de compras de credenciales para elecciones de Congreso de la Rep\u00fablica incluido<\/p>\n<p>Entonces lo vi m\u00e1s claro, Duque no es un Outsider, parece que lo fuera, como \u00e9l habla se muestra como el que nos va a salvar de la clase pol\u00edtica tradicional pero viene de una familia involucrada hasta el alma en la pol\u00edtica, y \u00e9l, Duque, es criado dentro de todo ese mundo de triqui\u00f1uelas y arreglos sucios por debajo de la mesa que es exactamente lo contrario de lo que necesita Colombia a d\u00eda de hoy, un perfecto representante del sistema putrefacto que nos ha administrado todo el tiempo, solo que joven y atractivo.<\/p>\n<p><img loading=\"lazy\" decoding=\"async\" class=\"alignright size-medium wp-image-25373\" src=\"https:\/\/www.revistazetta.com\/wp-content\/uploads\/2018\/03\/c3-300x150.jpg\" alt=\"\" width=\"300\" height=\"150\" srcset=\"https:\/\/revistazetta.com\/wp-content\/uploads\/2018\/03\/c3-300x150.jpg 300w, https:\/\/revistazetta.com\/wp-content\/uploads\/2018\/03\/c3-260x130.jpg 260w, https:\/\/revistazetta.com\/wp-content\/uploads\/2018\/03\/c3-50x25.jpg 50w, https:\/\/revistazetta.com\/wp-content\/uploads\/2018\/03\/c3-150x75.jpg 150w, https:\/\/revistazetta.com\/wp-content\/uploads\/2018\/03\/c3.jpg 1014w\" sizes=\"auto, (max-width: 300px) 100vw, 300px\" \/><\/p>\n<p><strong>En M\u00e9xico <\/strong><\/p>\n<p>La misma jugada hizo el P.R.I. en M\u00e9xico, toda la putrefacci\u00f3n que representaba este partido que ha gobernado ese pa\u00eds casi que ininterrumpidamente por m\u00e1s de 70 a\u00f1os se sac\u00f3 un as debajo de la manga en las elecciones pasadas para presidente, lanzaron al candidato Pe\u00f1a Nieto, los mismos ladrones de siempre, los mismos delincuentes, los mismos culpables de todas las desgracias de ese pa\u00eds pusieron una cara bonita al frente y luego que ganaron la Presidencia no han dejado de estallar un esc\u00e1ndalo tras otro.<\/p>\n<p><img loading=\"lazy\" decoding=\"async\" class=\"alignright size-medium wp-image-25372\" src=\"https:\/\/www.revistazetta.com\/wp-content\/uploads\/2018\/03\/c2-300x211.jpg\" alt=\"\" width=\"300\" height=\"211\" srcset=\"https:\/\/revistazetta.com\/wp-content\/uploads\/2018\/03\/c2-300x211.jpg 300w, https:\/\/revistazetta.com\/wp-content\/uploads\/2018\/03\/c2-1024x720.jpg 1024w, https:\/\/revistazetta.com\/wp-content\/uploads\/2018\/03\/c2-208x146.jpg 208w, https:\/\/revistazetta.com\/wp-content\/uploads\/2018\/03\/c2-50x35.jpg 50w, https:\/\/revistazetta.com\/wp-content\/uploads\/2018\/03\/c2-107x75.jpg 107w, https:\/\/revistazetta.com\/wp-content\/uploads\/2018\/03\/c2.jpg 1571w\" sizes=\"auto, (max-width: 300px) 100vw, 300px\" \/><\/p>\n<p><strong>\u00bfBuenas pr\u00e1cticas?<\/strong><\/p>\n<p>Yo realmente me pregunto:<\/p>\n<ol>\n<li>C\u00f3mo puede hablar el candidato Duque de renovaci\u00f3n en la pol\u00edtica si detr\u00e1s de el est\u00e1n los apoyos de Roberto Gerlein y Fabio Valencia Cossio, por ejemplo<\/li>\n<li>O como puede hablar el candidato Duque de luchar contra la corrupci\u00f3n si lo apoya la senadora electa Aida Merlano la cual fue capturada en una operaci\u00f3n s\u00faper tecnificada de compra y venta de votos.<\/li>\n<li>Como puede hablar el candidato Duque de buenas pr\u00e1cticas pol\u00edticas si recibe dentro de su campa\u00f1a con los brazos abiertos a Alvaro Ashton investigado por pagar coimas a la justicia y tambi\u00e9n involucrado en esc\u00e1ndalos de Prostituci\u00f3n infantil?<\/li>\n<li>O los apoyos que recibe el candidato Duque de Ciro Ram\u00edrez condenado a 90 meses de prisi\u00f3n por nexos con el narcotr\u00e1fico y parapol\u00edtica?<\/li>\n<li>O peor como se puede hablar de una agenda ambiental cuando apoyas frontalmente el fracking<\/li>\n<li>O recibir el apoyo del senador Jaime Am\u00edn acusado de tener nexos en el pasado con la Gata y de estar envuelto en esc\u00e1ndalos de nombramientos y recibimientos en notar\u00edas.<\/li>\n<li>O que hace Iv\u00e1n Duque en un partido donde uno de sus ide\u00f3logos y director es Fernando Londo\u00f1o ladr\u00f3n inocultable de las billonarias acciones de Invercolsa?<\/li>\n<li>La lista ser\u00eda interminable\u2026.<\/li>\n<\/ol>\n<p>Es muy muy complicado de creer en ese discurso, no puedes subir a la Presidencia hablando de buenas pr\u00e1cticas cuando estas soportado por una estructura corrupta, sucia y mal oliente.<\/p>\n<p>Los apoyos pol\u00edticos no son gratis, nunca lo han sido, y menos de bandidos sucios de esa cala\u00f1a.<\/p>\n<p>Y si gana Iv\u00e1n Duque ellos son los que gobernaran al pa\u00eds y a \u00e9l.<\/p>\n<p><img loading=\"lazy\" decoding=\"async\" class=\"alignright size-medium wp-image-25371\" src=\"https:\/\/www.revistazetta.com\/wp-content\/uploads\/2018\/03\/c1-300x221.jpg\" alt=\"\" width=\"300\" height=\"221\" srcset=\"https:\/\/revistazetta.com\/wp-content\/uploads\/2018\/03\/c1-300x221.jpg 300w, https:\/\/revistazetta.com\/wp-content\/uploads\/2018\/03\/c1-199x146.jpg 199w, https:\/\/revistazetta.com\/wp-content\/uploads\/2018\/03\/c1-50x37.jpg 50w, https:\/\/revistazetta.com\/wp-content\/uploads\/2018\/03\/c1-102x75.jpg 102w, https:\/\/revistazetta.com\/wp-content\/uploads\/2018\/03\/c1.jpg 480w\" sizes=\"auto, (max-width: 300px) 100vw, 300px\" \/><\/p>\n<p><strong>Thinking<\/strong><\/p>\n<p>Luego entonces el problema no es Iv\u00e1n Duque, el problema no es ese joven guapo, inteligente y prometedor candidato, no, no es el, el verdadero problema es toda esa inmensa y gigante monta\u00f1a de excrementos que lo soportan a \u00e9l y a su campa\u00f1a y que son en \u00faltimas los que van a gobernar Colombia como lo han hecho desde siempre.<\/p>\n<p>&nbsp;<\/p>\n<p><span style=\"color: #800000;\"><strong>Un abrazo!<\/strong><\/span><\/p>\n<p><span style=\"color: #800000;\"><strong>Alvaro Royo<\/strong><\/span><\/p>\n<p><a href=\"mailto:enchina@gmail.com\">enchina@gmail.com<\/a><\/p>\n<p><a href=\"https:\/\/www.alvaroroyo.com\" target=\"_blank\" rel=\"noopener\">www.alvaroroyo.com<\/a><\/p>\n<p><span style=\"color: #800000;\">0086-13559231344<\/span><\/p>\n<p>&nbsp;<\/p>\n<p>&nbsp;<\/p>\n<p>&nbsp;<\/p>\n<p>&nbsp;<\/p>\n<p>&nbsp;<\/p>\n","protected":false},"excerpt":{"rendered":"<p>Por \u00c1lvaro Royo (Especial para Revista Zetta).- (Xiamen \u2013 China).- Chateando con mi t\u00edo Kike B\u00e1rcenas y argumentando sobre los diferentes candidatos (b\u00e1sicamente de Duque) pero cada vez que mencionaba algo de Duque, \u00e9l mencionaba a Petro, y yo insist\u00eda que sac\u00e1ramos a Petro de la discusi\u00f3n pero era imposible, ninguno de nosotros dos apoya a Petro pero siempre entraba en la discusi\u00f3n, \u00bfcurioso, no? Luego me restreg\u00f3 unas palabras en la cara y me dijo \u2018\u2019Definitivamente tu eres anti Duque\u2019\u2019 yo le respond\u00ed noooooo, es todo lo contrario, para&#8230; <\/p>\n","protected":false},"author":3,"featured_media":25369,"comment_status":"open","ping_status":"closed","sticky":false,"template":"","format":"standard","meta":{"footnotes":"","_links_to":"","_links_to_target":""},"categories":[75,44,65],"tags":[],"class_list":["post-25368","post","type-post","status-publish","format-standard","has-post-thumbnail","hentry","category-destacada","category-materiagris","category-opinion"],"_links":{"self":[{"href":"https:\/\/revistazetta.com\/index.php?rest_route=\/wp\/v2\/posts\/25368","targetHints":{"allow":["GET"]}}],"collection":[{"href":"https:\/\/revistazetta.com\/index.php?rest_route=\/wp\/v2\/posts"}],"about":[{"href":"https:\/\/revistazetta.com\/index.php?rest_route=\/wp\/v2\/types\/post"}],"author":[{"embeddable":true,"href":"https:\/\/revistazetta.com\/index.php?rest_route=\/wp\/v2\/users\/3"}],"replies":[{"embeddable":true,"href":"https:\/\/revistazetta.com\/index.php?rest_route=%2Fwp%2Fv2%2Fcomments&post=25368"}],"version-history":[{"count":0,"href":"https:\/\/revistazetta.com\/index.php?rest_route=\/wp\/v2\/posts\/25368\/revisions"}],"wp:featuredmedia":[{"embeddable":true,"href":"https:\/\/revistazetta.com\/index.php?rest_route=\/wp\/v2\/media\/25369"}],"wp:attachment":[{"href":"https:\/\/revistazetta.com\/index.php?rest_route=%2Fwp%2Fv2%2Fmedia&parent=25368"}],"wp:term":[{"taxonomy":"category","embeddable":true,"href":"https:\/\/revistazetta.com\/index.php?rest_route=%2Fwp%2Fv2%2Fcategories&post=25368"},{"taxonomy":"post_tag","embeddable":true,"href":"https:\/\/revistazetta.com\/index.php?rest_route=%2Fwp%2Fv2%2Ftags&post=25368"}],"curies":[{"name":"wp","href":"https:\/\/api.w.org\/{rel}","templated":true}]}}