{"id":25376,"date":"2018-04-02T06:40:28","date_gmt":"2018-04-02T11:40:28","guid":{"rendered":"http:\/\/www.revistazetta.com\/?p=25376"},"modified":"2018-04-02T06:40:28","modified_gmt":"2018-04-02T11:40:28","slug":"damnificados-san-francisco-tendran-una-solucion-definitiva-quinto-guerra","status":"publish","type":"post","link":"https:\/\/revistazetta.com\/?p=25376","title":{"rendered":"\u201cDamnificados de San Francisco tendr\u00e1n una soluci\u00f3n definitiva\u201d: Quinto Guerra"},"content":{"rendered":"<p>El candidato a la Alcald\u00eda de Cartagena, Antonio Quinto Guerra Varela, arranc\u00f3 la fase definitiva de su campa\u00f1a este domingo con una gran caminata en el barrio San Francisco llevando un mensaje esperanzador a los damnificados por la falla geol\u00f3gica ocurrida hace siete a\u00f1os.<\/p>\n<p>El recorrido se inici\u00f3 en el sector El Wio \u00a0y continu\u00f3 por el Ancianato, sector La Pista, Las Lomas y la calle Los Fundadores, exactamente en la zona de la tragedia que oblig\u00f3 a centenares de familias a abandonar sus viviendas.<\/p>\n<p>Antonio Quinto Guerra salud\u00f3 a todos sus habitantes y escuch\u00f3 los problemas que los agobian.\u00a0 \u201cEn mi gobierno garantizaremos el derecho fundamental a una vivienda digna a todos los habitantes del barrio San Francisco. En especial, a los moradores del sector Las Lomas, calle Fundaci\u00f3n, quienes as\u00ed como el popular &#8216;Chino&#8217; Conapia perdieron sus casas el pasado 13 de agosto de 2011, en un lamentable incidente producto de una falla geol\u00f3gica. \u00a1Mi compromiso es con cada uno de ustedes!\u201d, dijo Quinto Guerra.<\/p>\n<p>Posteriormente, se reuni\u00f3 con un grupo de j\u00f3venes en riesgo del barrio San Francisco de la pandilla Trikys Nays&#8217;. \u201cMi mensaje \u00a0es de esperanza. En mi gobierno tendr\u00e1n mayores oportunidades, empleo, acceso a la educaci\u00f3n superior e inclusi\u00f3n social. Desde la Secretar\u00eda de la Juventud, crearemos pol\u00edticas p\u00fablicas orientadas al desarrollo integral de todos ustedes. Vamos a rescatar a todos los j\u00f3venes en riesgo de San Francisco a trav\u00e9s del deporte. Contar\u00e1n con escenarios deportivos dignos donde tendr\u00e1n la oportunidad de explotar sus talentos y, posteriormente, representarnos a nivel local, departamental y nacional. Desde el Distrito tendr\u00e1n todo el apoyo institucional. \u00a1All\u00ed estaremos para servirles!\u201d, indic\u00f3.<\/p>\n<p><strong>\u201cQueremos una soluci\u00f3n\u201d: Damnificados<\/strong><\/p>\n<p>Antonio Corrales, habitante de San Francisco, precis\u00f3: \u201cYa son casi ocho a\u00f1os de sufrimiento. Tenemos una demanda ganada en primera instancia con una apelaci\u00f3n ante el Tribunal Superior de Justicia, que est\u00e1 hoy por medio del Distrito en el Consejo de Estado para determinar qui\u00e9n termina esta sentencia; si es el Consejo de Estado de Bogot\u00e1 donde no hay jurisdicci\u00f3n o aqu\u00ed en los juzgados de Cartagena\u201d.<\/p>\n<p>\u201cVamos a votar por Quinto por qu\u00e9 es la f\u00f3rmula que necesitamos. Es la persona con la capacidad administrativa, es un hombre que se conoce realmente la ciudad. Fue \u00e9l desde el Concejo qui\u00e9n nos ayud\u00f3 a conseguir recursos para solucionar nuestra problem\u00e1tica de vivienda, as\u00ed \u00a0como nos apoy\u00f3 hace ocho a\u00f1os. Hoy, nosotros la comunidad de San Francisco, le reitera todo nuestro apoyo\u201d, dijo.<\/p>\n<p>Durante el recorrido los acompa\u00f1aron varios l\u00edderes, entre ellos: Evaristo Gonz\u00e1lez dirigente de San Francisco, Walter Marrugo, Miguelito Cruz, Gilberto Rebollo, Leandro Gonz\u00e1lez, Luis del Cristo\u00bbEl Cone\u00bb D\u00edaz, ex aspitante a\u00a0 la C\u00e1mara de Representantes. Adem\u00e1s, Teresa Maza y Alfonso Anaya Lorduy, ex concejal de Cartagena.<\/p>\n<p>Por \u00faltimo, Quinto Guerra dijo: \u201cAgradecido con las palabras de respaldo a nuestras propuestas de los reconocidos dirigentes del barrio San Francisco David Gamarra y Antonio Corrales. \u00bbUsted es la esperanza de una pronta soluci\u00f3n para cada uno de los problemas que aquejan al barrio San Francisco. Hoy le ratificamos nuestro incondicional apoyo\u00bb. A ellos y\u00a0 otros dirigentes c\u00edvicos como Manuel Vergara, Leandro Fuentes, El Negro Olascoaga, Dina Coneo, Marco Silgado, Otoniel Maldonado, Teresa Maza, Gilberto Hoyos, Fabi\u00e1n Bar\u00f3n, entre otros, mi agradecimiento y compromiso para trabajar por la calidad de vida de los\u00a0habitantes de esta comunidad\u201d, puntualiz\u00f3 Quinto Guerra.<\/p>\n<p><strong>En Punta Canoa<\/strong><\/p>\n<p>De igual forma, Antonio Quinto Guerra visit\u00f3 Punta Canoa, corregimiento de Cartagena, donde se realiza el XVIII Festival del Marisco.<\/p>\n<p>\u201cAcompa\u00f1amos a los habitantes de Punta Canoa en el XVIII Festival del Marisco, degustamos su gastronom\u00eda y escuchamos atentamente sus necesidades. Casa a casa llevamos nuestras propuestas y ratificamos nuestro compromiso con el bienestar y progreso de este corregimiento. Gracias a Luz Marina Pineda,\u00a0 Mar\u00eda Hurtado, Zoyla Leal, M\u00e9lida G\u00f3mez y a la familia Gaviria por abrirnos las puertas de sus hogares. Mi especial agradecimiento a Jos\u00e9 Luis Barbosa, edil de la Localidad 2 y a Marta Arce, por todo el apoyo\u201d, dijo Quinto Guerra.<\/p>\n","protected":false},"excerpt":{"rendered":"<p>El candidato a la Alcald\u00eda de Cartagena, Antonio Quinto Guerra Varela, arranc\u00f3 la fase definitiva de su campa\u00f1a este domingo con una gran caminata en el barrio San Francisco llevando un mensaje esperanzador a los damnificados por la falla geol\u00f3gica ocurrida hace siete a\u00f1os. El recorrido se inici\u00f3 en el sector El Wio \u00a0y continu\u00f3 por el Ancianato, sector La Pista, Las Lomas y la calle Los Fundadores, exactamente en la zona de la tragedia que oblig\u00f3 a centenares de familias a abandonar sus viviendas. Antonio Quinto Guerra salud\u00f3 a&#8230; <\/p>\n","protected":false},"author":3,"featured_media":25377,"comment_status":"open","ping_status":"closed","sticky":false,"template":"","format":"standard","meta":{"footnotes":"","_links_to":"","_links_to_target":""},"categories":[75,4],"tags":[],"class_list":["post-25376","post","type-post","status-publish","format-standard","has-post-thumbnail","hentry","category-destacada","category-politica"],"_links":{"self":[{"href":"https:\/\/revistazetta.com\/index.php?rest_route=\/wp\/v2\/posts\/25376","targetHints":{"allow":["GET"]}}],"collection":[{"href":"https:\/\/revistazetta.com\/index.php?rest_route=\/wp\/v2\/posts"}],"about":[{"href":"https:\/\/revistazetta.com\/index.php?rest_route=\/wp\/v2\/types\/post"}],"author":[{"embeddable":true,"href":"https:\/\/revistazetta.com\/index.php?rest_route=\/wp\/v2\/users\/3"}],"replies":[{"embeddable":true,"href":"https:\/\/revistazetta.com\/index.php?rest_route=%2Fwp%2Fv2%2Fcomments&post=25376"}],"version-history":[{"count":0,"href":"https:\/\/revistazetta.com\/index.php?rest_route=\/wp\/v2\/posts\/25376\/revisions"}],"wp:featuredmedia":[{"embeddable":true,"href":"https:\/\/revistazetta.com\/index.php?rest_route=\/wp\/v2\/media\/25377"}],"wp:attachment":[{"href":"https:\/\/revistazetta.com\/index.php?rest_route=%2Fwp%2Fv2%2Fmedia&parent=25376"}],"wp:term":[{"taxonomy":"category","embeddable":true,"href":"https:\/\/revistazetta.com\/index.php?rest_route=%2Fwp%2Fv2%2Fcategories&post=25376"},{"taxonomy":"post_tag","embeddable":true,"href":"https:\/\/revistazetta.com\/index.php?rest_route=%2Fwp%2Fv2%2Ftags&post=25376"}],"curies":[{"name":"wp","href":"https:\/\/api.w.org\/{rel}","templated":true}]}}