{"id":25378,"date":"2018-04-02T07:28:00","date_gmt":"2018-04-02T12:28:00","guid":{"rendered":"http:\/\/www.revistazetta.com\/?p=25378"},"modified":"2018-04-02T19:07:50","modified_gmt":"2018-04-03T00:07:50","slug":"betancourt-pide-minambiente-intervenir-crisis-ambiental-cartagena","status":"publish","type":"post","link":"https:\/\/revistazetta.com\/?p=25378","title":{"rendered":"Betancourt pide a Minambiente intervenir por crisis ambiental en Cartagena"},"content":{"rendered":"<p>Con la entrega de\u00a0 evidencias que demuestran el desastre forestal en el cerro de la Popa, la contaminaci\u00f3n e invasi\u00f3n de la Ci\u00e9naga de la Virgen y de otros cuerpos de agua, el candidato a la Alcald\u00eda Mayor de Cartagena, Andr\u00e9s Betancourt, demand\u00f3 la urgente\u00a0 intervenci\u00f3n del Ministerio de Ambiente y Desarrollo Sostenible.<\/p>\n<p>En carta dirigida al Ministro Luis Gilberto Murillo, Betancourt da cuenta del sobrevuelo de inspecci\u00f3n realizado a diferentes zonas de la ciudad, en el que logr\u00f3 constatar el desastre forestal que ocurre en las faldas de la Popa, y las indiscriminadas invasiones ilegales a la ci\u00e9naga, \u201c<em>sin que las autoridades locales dispongan de la capacidad de reacci\u00f3n que las circunstancias ameritan<\/em>\u201d.<\/p>\n<p>\u201cProfundamente preocupado por los graves problemas que afronta esta ciudad, solicito que, como m\u00e1xima autoridad ambiental del pa\u00eds, disponga la intervenci\u00f3n urgente\u00a0 de su despacho en coordinaci\u00f3n con las entidades del Estado que sean necesarias, para contrarrestar un desastre de grandes proporciones que se cierne sobre este territorio\u201d, dice el candidato en su misiva fechada el 31\/04\/18.<\/p>\n<p>Una secuencia de videos y fotograf\u00edas captadas durante el sobrevuelo conforman las evidencias entregadas por Andr\u00e9s Betancourt al Minambiente y que soportan su solicitud, en la que argumenta\u00a0 que <em>\u201cSi bien, lo aqu\u00ed denunciado no corresponde a los \u00fanicos o m\u00e1s graves problemas de contaminaci\u00f3n ambiental que afronta la Ciudad Heroica, son los que registran un auge incontrolable, como consecuencia de una limitada reacci\u00f3n por parte de las autoridades que tienen jurisdicci\u00f3n directa en esta secci\u00f3n del pa\u00eds<\/em>\u201d.<\/p>\n<p>El candidato apela al deber constitucional del Estado y al cumplimiento de las funciones misionales del Ministerio en la protecci\u00f3n del Ambiente, en procura de evitar que sea demasiado tarde cuando se decida intervenir.<\/p>\n","protected":false},"excerpt":{"rendered":"<p>Con la entrega de\u00a0 evidencias que demuestran el desastre forestal en el cerro de la Popa, la contaminaci\u00f3n e invasi\u00f3n de la Ci\u00e9naga de la Virgen y de otros cuerpos de agua, el candidato a la Alcald\u00eda Mayor de Cartagena, Andr\u00e9s Betancourt, demand\u00f3 la urgente\u00a0 intervenci\u00f3n del Ministerio de Ambiente y Desarrollo Sostenible. En carta dirigida al Ministro Luis Gilberto Murillo, Betancourt da cuenta del sobrevuelo de inspecci\u00f3n realizado a diferentes zonas de la ciudad, en el que logr\u00f3 constatar el desastre forestal que ocurre en las faldas de la&#8230; <\/p>\n","protected":false},"author":3,"featured_media":25383,"comment_status":"open","ping_status":"closed","sticky":false,"template":"","format":"standard","meta":{"footnotes":"","_links_to":"","_links_to_target":""},"categories":[75,4],"tags":[],"class_list":["post-25378","post","type-post","status-publish","format-standard","has-post-thumbnail","hentry","category-destacada","category-politica"],"_links":{"self":[{"href":"https:\/\/revistazetta.com\/index.php?rest_route=\/wp\/v2\/posts\/25378","targetHints":{"allow":["GET"]}}],"collection":[{"href":"https:\/\/revistazetta.com\/index.php?rest_route=\/wp\/v2\/posts"}],"about":[{"href":"https:\/\/revistazetta.com\/index.php?rest_route=\/wp\/v2\/types\/post"}],"author":[{"embeddable":true,"href":"https:\/\/revistazetta.com\/index.php?rest_route=\/wp\/v2\/users\/3"}],"replies":[{"embeddable":true,"href":"https:\/\/revistazetta.com\/index.php?rest_route=%2Fwp%2Fv2%2Fcomments&post=25378"}],"version-history":[{"count":0,"href":"https:\/\/revistazetta.com\/index.php?rest_route=\/wp\/v2\/posts\/25378\/revisions"}],"wp:featuredmedia":[{"embeddable":true,"href":"https:\/\/revistazetta.com\/index.php?rest_route=\/wp\/v2\/media\/25383"}],"wp:attachment":[{"href":"https:\/\/revistazetta.com\/index.php?rest_route=%2Fwp%2Fv2%2Fmedia&parent=25378"}],"wp:term":[{"taxonomy":"category","embeddable":true,"href":"https:\/\/revistazetta.com\/index.php?rest_route=%2Fwp%2Fv2%2Fcategories&post=25378"},{"taxonomy":"post_tag","embeddable":true,"href":"https:\/\/revistazetta.com\/index.php?rest_route=%2Fwp%2Fv2%2Ftags&post=25378"}],"curies":[{"name":"wp","href":"https:\/\/api.w.org\/{rel}","templated":true}]}}