{"id":25379,"date":"2018-04-02T07:52:35","date_gmt":"2018-04-02T12:52:35","guid":{"rendered":"http:\/\/www.revistazetta.com\/?p=25379"},"modified":"2018-04-02T07:52:35","modified_gmt":"2018-04-02T12:52:35","slug":"orbita-politica-john-zamora-lunes-2-abril","status":"publish","type":"post","link":"https:\/\/revistazetta.com\/?p=25379","title":{"rendered":"\u00d3rbita Pol\u00edtica de John Zamora \u2013 lunes 2 de abril"},"content":{"rendered":"<p><strong>Robledo refuerza a M\u00fanera<\/strong><\/p>\n<p>El senador Jorge Robledo no se olvida de su gran amigo en Cartagena, David M\u00fanera, y despu\u00e9s del debate legislativo, llega para imprimirle toda la din\u00e1mica a la candidatura del Polo Democr\u00e1tico a la alcald\u00eda de Cartagena.<\/p>\n<p>M\u00fanera y Robledo ofrecer\u00e1n una rueda de prensa para refirmar el compromiso de lucha contra la corrupci\u00f3n, y mostrar varias adhesiones importantes a esta campa\u00f1a.<\/p>\n<p>&nbsp;<\/p>\n<p><strong>C\u00f3rdoba es de otra estructura<\/strong><\/p>\n<p>A Armando C\u00f3rdoba poco le conocen los pol\u00edticos locales, y \u00e9l sostiene que la raz\u00f3n es sencilla: nunca se ha juntado con las estructuras pol\u00edticas tradicionales de Cartagena, y por eso no le conocen los pol\u00edticos, pero quienes si lo conocen son los cartageneros de barrio. Para saber m\u00e1s de este candidato a la Alcald\u00eda, del Partido Verde, este martes publicaremos una entrevista, en la serie de trabajos que haremos con los nueve candidatos a la Alcald\u00eda de Cartagena.<\/p>\n<p>&nbsp;<\/p>\n<p><strong>Las musas de hablan a Pi\u00f3n<\/strong><\/p>\n<p>\u201cEl amoroso vino a cantar\u201d es el t\u00edtulo de libro de poemas escrito por C\u00e9sar Pi\u00f3n Gonz\u00e1lez\u2026 si\u2026 por C\u00e9sar Pi\u00f3n Gonz\u00e1lez\u2026<\/p>\n<p>El concejal ha debido trasnochar mucho, dialogando con las musas, pues de d\u00eda se le nota bastante ocupado preparando debates pol\u00edticos, proyectos de acuerdo, proposiciones e intervenciones para cada sesi\u00f3n del Concejo.<\/p>\n<p>La presentaci\u00f3n de esta obra literaria ser\u00e1 el viernes 6 de abril, a las 6.30 de la tarde, en la biblioteca de la Corporaci\u00f3n Universitaria Rafael N\u00fa\u00f1ez, en la Calle Primera de Badillo. Invita el Parlamento Internacional de Escritores y la Asociaci\u00f3n de Escritores de la Costa.<\/p>\n<p>Ojal\u00e1 le vaya mejor con la cr\u00edtica literaria que como le fue a otro miembro del partido de la U, el senador Roy Barreras, que no se sabe si es peor pol\u00edtico que poeta\u2026<\/p>\n<p>Por lo menos Pi\u00f3n es calificado como el mejor concejal, ahora falta ver la calificaci\u00f3n que los lectores dan a sus poemas\u2026<\/p>\n","protected":false},"excerpt":{"rendered":"<p>Robledo refuerza a M\u00fanera El senador Jorge Robledo no se olvida de su gran amigo en Cartagena, David M\u00fanera, y despu\u00e9s del debate legislativo, llega para imprimirle toda la din\u00e1mica a la candidatura del Polo Democr\u00e1tico a la alcald\u00eda de Cartagena. M\u00fanera y Robledo ofrecer\u00e1n una rueda de prensa para refirmar el compromiso de lucha contra la corrupci\u00f3n, y mostrar varias adhesiones importantes a esta campa\u00f1a. &nbsp; C\u00f3rdoba es de otra estructura A Armando C\u00f3rdoba poco le conocen los pol\u00edticos locales, y \u00e9l sostiene que la raz\u00f3n es sencilla: nunca&#8230; <\/p>\n","protected":false},"author":3,"featured_media":25380,"comment_status":"open","ping_status":"closed","sticky":false,"template":"","format":"standard","meta":{"footnotes":"","_links_to":"","_links_to_target":""},"categories":[75,44,45],"tags":[],"class_list":["post-25379","post","type-post","status-publish","format-standard","has-post-thumbnail","hentry","category-destacada","category-materiagris","category-orbita"],"_links":{"self":[{"href":"https:\/\/revistazetta.com\/index.php?rest_route=\/wp\/v2\/posts\/25379","targetHints":{"allow":["GET"]}}],"collection":[{"href":"https:\/\/revistazetta.com\/index.php?rest_route=\/wp\/v2\/posts"}],"about":[{"href":"https:\/\/revistazetta.com\/index.php?rest_route=\/wp\/v2\/types\/post"}],"author":[{"embeddable":true,"href":"https:\/\/revistazetta.com\/index.php?rest_route=\/wp\/v2\/users\/3"}],"replies":[{"embeddable":true,"href":"https:\/\/revistazetta.com\/index.php?rest_route=%2Fwp%2Fv2%2Fcomments&post=25379"}],"version-history":[{"count":0,"href":"https:\/\/revistazetta.com\/index.php?rest_route=\/wp\/v2\/posts\/25379\/revisions"}],"wp:featuredmedia":[{"embeddable":true,"href":"https:\/\/revistazetta.com\/index.php?rest_route=\/wp\/v2\/media\/25380"}],"wp:attachment":[{"href":"https:\/\/revistazetta.com\/index.php?rest_route=%2Fwp%2Fv2%2Fmedia&parent=25379"}],"wp:term":[{"taxonomy":"category","embeddable":true,"href":"https:\/\/revistazetta.com\/index.php?rest_route=%2Fwp%2Fv2%2Fcategories&post=25379"},{"taxonomy":"post_tag","embeddable":true,"href":"https:\/\/revistazetta.com\/index.php?rest_route=%2Fwp%2Fv2%2Ftags&post=25379"}],"curies":[{"name":"wp","href":"https:\/\/api.w.org\/{rel}","templated":true}]}}