{"id":25381,"date":"2018-04-02T19:06:23","date_gmt":"2018-04-03T00:06:23","guid":{"rendered":"http:\/\/www.revistazetta.com\/?p=25381"},"modified":"2018-04-02T19:06:23","modified_gmt":"2018-04-03T00:06:23","slug":"sed-opinion-cesar-pion-gonzalez","status":"publish","type":"post","link":"https:\/\/revistazetta.com\/?p=25381","title":{"rendered":"Tengo sed &#8211; Opini\u00f3n de C\u00e9sar Pi\u00f3n Gonz\u00e1lez"},"content":{"rendered":"<p><span style=\"color: #000080;\"><strong>Por C\u00e9sar Augusto Pi\u00f3n Gonz\u00e1lez (Concejal de Cartagena &#8211; Especial para Revista Zetta).-<\/strong><\/span> Al definir la sed como un mecanismo de regulaci\u00f3n mediante el cual el organismo induce a saciarse, a generar la necesidad, a la ingesti\u00f3n de l\u00edquidos que producen tranquilidad f\u00edsica o emocional, utilizo esta palabra para analizar a Cartagena.<\/p>\n<p>Cartagena tiene sed inmensa de vivir tranquila, sin raponeros, sin pandillas, sin atracos, sin asesinatos, Cartagena tiene sed de una seguridad que nos conceda el derecho a caminar sin temor; sed de materializar los sue\u00f1os que hemos fabricado para nuestros hijos, con buenas carreras, buenos empleos, libres de drogadicci\u00f3n.<\/p>\n<p>Cartagena tiene sed de una buena movilidad, el deseo de un transporte r\u00e1pido, seguro, eficiente y econ\u00f3mico, con parqueaderos suficientes, sin estacionamientos y aglomeraci\u00f3n en las v\u00edas principales, con una buena moral y \u00e9tica de quienes regulan el tr\u00e1fico, de un buen plan de movilidad. Cartagena tiene sed de ser una ciudad ordenada, respetuosa y culta con buen uso del espacio p\u00fablico, sin la doble moral, que no se la tome quienes ejercen el monopolio y quienes desalojan al peque\u00f1o comerciante.<\/p>\n<p>Cartagena tiene sed de amor, de perd\u00f3n, de tolerancia, de deseo, de colaboraci\u00f3n, de solidaridad, sed de desterrar el ego\u00edsmo, la envidia, la venganza, de encontrar un camino que nos lleve a un mundo so\u00f1ado.<\/p>\n<p>Cartagena tiene sed de respetar a los ni\u00f1os, a los ancianos, a la mujer, a los discapacitados, sed entender que son nuestros hermanos y que de alguna manera nacimos, podemos ser y llegaremos a algunos de esos estados.<\/p>\n<p>Cartagena tiene sed de un ambiente sano, no contaminado, con respeto a los \u00e1rboles, sed de mantener limpios los ca\u00f1os, las ci\u00e9nagas, de no contaminar el ambiente, de no arrojar basuras a las calles, de manejar el reciclaje, sed de sembrar plantas y cuidar nuestra fauna.<\/p>\n<p>Cartagena tiene sed de que cambiemos de conducta, que la pol\u00edtica sea el ejercicio de la colectividad y no de la actividad personal, sed para que el ciudadano decida por sus dirigentes sin prebendas, sin coimas y con la f\u00e9rrea voluntad de elegir a nuestro parecer quien conjugue factores de preparaci\u00f3n acad\u00e9mica y humana.<\/p>\n<p>Se\u00f1or tengo sed, la fatiga social nos hace clamar y buscar los errores del camino, tengo sed de aprovechamiento de los d\u00edas para cerrar la brecha de mi ausencia, sed para reconciliarme con mi hermano, para pedirle perd\u00f3n. Se\u00f1or qu\u00e9 dif\u00edcil es pedir si no ofrezco, qu\u00e9 dif\u00edcil es brindar si no estoy convencido, qu\u00e9 dif\u00edcil calmar la sed si soy un mal ciudadano si soy un mal pol\u00edtico, si soy un mal cristiano, tengo sed de ti se\u00f1or! Sed de la vida.<\/p>\n<p>Se\u00f1or de infinita misericordia, s\u00e9 que por mi culpa te han ultrajado y tambi\u00e9n s\u00e9 que por las infinitas penas que te han infringido tienes sed. Se\u00f1or dame el agua que derrama tu costado como elixir magn\u00edfico para lavar la ira de quienes nos ultrajan, para abrir el camino de quienes perdidos por la vanidad y el orgullo siguen sembrando dardos en la fuente maravillosa de tu costado.<\/p>\n<p>&nbsp;<\/p>\n","protected":false},"excerpt":{"rendered":"<p>Por C\u00e9sar Augusto Pi\u00f3n Gonz\u00e1lez (Concejal de Cartagena &#8211; Especial para Revista Zetta).- Al definir la sed como un mecanismo de regulaci\u00f3n mediante el cual el organismo induce a saciarse, a generar la necesidad, a la ingesti\u00f3n de l\u00edquidos que producen tranquilidad f\u00edsica o emocional, utilizo esta palabra para analizar a Cartagena. Cartagena tiene sed inmensa de vivir tranquila, sin raponeros, sin pandillas, sin atracos, sin asesinatos, Cartagena tiene sed de una seguridad que nos conceda el derecho a caminar sin temor; sed de materializar los sue\u00f1os que hemos fabricado&#8230; <\/p>\n","protected":false},"author":3,"featured_media":25382,"comment_status":"open","ping_status":"closed","sticky":false,"template":"","format":"standard","meta":{"footnotes":"","_links_to":"","_links_to_target":""},"categories":[75,44,65],"tags":[],"class_list":["post-25381","post","type-post","status-publish","format-standard","has-post-thumbnail","hentry","category-destacada","category-materiagris","category-opinion"],"_links":{"self":[{"href":"https:\/\/revistazetta.com\/index.php?rest_route=\/wp\/v2\/posts\/25381","targetHints":{"allow":["GET"]}}],"collection":[{"href":"https:\/\/revistazetta.com\/index.php?rest_route=\/wp\/v2\/posts"}],"about":[{"href":"https:\/\/revistazetta.com\/index.php?rest_route=\/wp\/v2\/types\/post"}],"author":[{"embeddable":true,"href":"https:\/\/revistazetta.com\/index.php?rest_route=\/wp\/v2\/users\/3"}],"replies":[{"embeddable":true,"href":"https:\/\/revistazetta.com\/index.php?rest_route=%2Fwp%2Fv2%2Fcomments&post=25381"}],"version-history":[{"count":0,"href":"https:\/\/revistazetta.com\/index.php?rest_route=\/wp\/v2\/posts\/25381\/revisions"}],"wp:featuredmedia":[{"embeddable":true,"href":"https:\/\/revistazetta.com\/index.php?rest_route=\/wp\/v2\/media\/25382"}],"wp:attachment":[{"href":"https:\/\/revistazetta.com\/index.php?rest_route=%2Fwp%2Fv2%2Fmedia&parent=25381"}],"wp:term":[{"taxonomy":"category","embeddable":true,"href":"https:\/\/revistazetta.com\/index.php?rest_route=%2Fwp%2Fv2%2Fcategories&post=25381"},{"taxonomy":"post_tag","embeddable":true,"href":"https:\/\/revistazetta.com\/index.php?rest_route=%2Fwp%2Fv2%2Ftags&post=25381"}],"curies":[{"name":"wp","href":"https:\/\/api.w.org\/{rel}","templated":true}]}}