{"id":25384,"date":"2018-04-03T05:57:04","date_gmt":"2018-04-03T10:57:04","guid":{"rendered":"http:\/\/www.revistazetta.com\/?p=25384"},"modified":"2018-04-03T08:34:19","modified_gmt":"2018-04-03T13:34:19","slug":"plan-maestro-educacion-pueblo","status":"publish","type":"post","link":"https:\/\/revistazetta.com\/?p=25384","title":{"rendered":"Plan Maestro de Educaci\u00f3n tiene pueblo"},"content":{"rendered":"<p><img loading=\"lazy\" decoding=\"async\" class=\"alignright size-medium wp-image-25401\" src=\"https:\/\/www.revistazetta.com\/wp-content\/uploads\/2018\/04\/Audiencia-PME-JHA-300x188.jpg\" alt=\"\" width=\"300\" height=\"188\" srcset=\"https:\/\/revistazetta.com\/wp-content\/uploads\/2018\/04\/Audiencia-PME-JHA-300x188.jpg 300w, https:\/\/revistazetta.com\/wp-content\/uploads\/2018\/04\/Audiencia-PME-JHA-234x146.jpg 234w, https:\/\/revistazetta.com\/wp-content\/uploads\/2018\/04\/Audiencia-PME-JHA-50x31.jpg 50w, https:\/\/revistazetta.com\/wp-content\/uploads\/2018\/04\/Audiencia-PME-JHA-120x75.jpg 120w, https:\/\/revistazetta.com\/wp-content\/uploads\/2018\/04\/Audiencia-PME-JHA.jpg 768w\" sizes=\"auto, (max-width: 300px) 100vw, 300px\" \/>El Plan Maestro Educativo lleg\u00f3 con buen ambiente a la audiencia p\u00fablica del Concejo Distrital, en la que participaron por lo menos 25 personas, representantes de los distintos sectores que vienen participando en la construcci\u00f3n colectiva de esta ruta clave en el progreso de la ciudad.<\/p>\n<p>Jaime Hern\u00e1ndez Am\u00edn, secretario de Educaci\u00f3n Distrital, destac\u00f3 el trabajo que por m\u00e1s de tres a\u00f1os realizaron cerca de 2.500 personas en la formulaci\u00f3n de este documento, con el liderazgo de la fundaci\u00f3n Mamonal, que ahora llega al Concejo para su tr\u00e1mite, donde la primera estaci\u00f3n es esta audiencia p\u00fablica.<\/p>\n<p>El funcionario indic\u00f3 que se trata de una pol\u00edtica p\u00fablica a 15 a\u00f1os, que le da estabilidad, constancia y consistencia al sector educativo, para que tenga una ruta definida, desligada de los vaivenes de la administraci\u00f3n p\u00fablica. \u201cEste es un blindaje a la pol\u00edtica de educaci\u00f3n, para que no quede a discrecionalidad del gobierno de turno, sino que le imprima un\u00a0 norte con metas claras\u201d, puntualiz\u00f3.<\/p>\n<p>El Plan Maestro Educativo tiene grandes cap\u00edtulos en la cobertura, calidad, pertinencia y gesti\u00f3n organizacional, y un escenario financiero proyectado a 15 a\u00f1os, con un estimado de $7 billones, de los cuales el Distrito comprometer\u00eda $2.2 billones, y el complemento estar\u00eda a cargo de la Naci\u00f3n y la gesti\u00f3n ante entes internacionales, p\u00fablicos y privados.<\/p>\n<p>\u201cCartagena ser\u00eda la primera ciudad del pa\u00eds en contar un una pol\u00edtica educativa clara\u201d, destac\u00f3 el secretario de Educaci\u00f3n Distrital.<\/p>\n<p>La audiencia p\u00fablica en el Concejo fue presidida por el concejal C\u00e9sar Pi\u00f3n y en ella se inscribieron:<\/p>\n<p>AUDIENCIA PUBLICA 02 DE ABRIL DE 2018<\/p>\n<p>PROYECTO DE ACUERDO No. 098 \u2013 PLAN MAESTRO DE EDUCACI\u00d3N<\/p>\n<p>William Arellano Cartagena \u2013 Decano Facultad de Educaci\u00f3n UTB<\/p>\n<p>Harold Rodr\u00edguez Osorio \u2013 Verde Que Te Quiero Verde<\/p>\n<p>Mario Rafael Lombana Moreno \u2013 Directivo \/ Docente<\/p>\n<p>Gustavo Adolfo Araque\u00a0 Henr\u00edquez \u2013 Estudiante<\/p>\n<p>Casey Valeria Gil V\u00e1squez &#8211; Grado 11-1 Instituci\u00f3n Educativa Soledad Acosta de Samper.<\/p>\n<p>Salvador Jim\u00e9nez Peinado \u2013 Docente I. E. Antonio Nari\u00f1o<\/p>\n<p>Mar\u00eda Claudia Pe\u00f1as Arana \u2013 Cartagena Como Vamos<\/p>\n<p>Luis Alfonso Ram\u00edrez Castell\u00f3n \u2013 Rector I.E. Soledad Acosta de Samper<\/p>\n<p>Luis Javier Cano Pautt \u2013 Corporaci\u00f3n Mar Adentro<\/p>\n<p>Carmen Cabeza Ram\u00edrez \u2013 Docente I.E. Soledad Acosta de Samper<\/p>\n<p>Joaqu\u00edn Rosado Mosquera \u2013 Estudiante I.E. Ambientalista<\/p>\n<p>Yasmina Vargas Villalobos \u2013 Docente I.E. Ambientalista<\/p>\n<p>Mar\u00eda Auxiliadora Banda \u2013 Rectora I.E. Ambientalista<\/p>\n<p>Juan Carlos Torres \u2013 Docente I.E. Ambientalista<\/p>\n<p>Luz Elena Arias \u2013 Madre De Familia I. E. Ambientalista<\/p>\n<p>Miguel Caballero Villareal \u2013 Consejo Territorial de Planeaci\u00f3n.<\/p>\n<p>Alejandra Espinosa \u2013 Directora Fundaci\u00f3n Mamonal<\/p>\n<p>Sonia Elvira Angulo \u2013 Estudiante I.E. Madre Gabriela de San Mart\u00edn<\/p>\n<p>Olga Acosta Amel \u2013 Rectora I.E. Olga Gonz\u00e1lez Arraut<\/p>\n<p>Arturo Toledo Joya &#8211; Solinces<\/p>\n<p>Alicia Bozzi \u2013 Ciudadana<\/p>\n<p>M\u00f3nica Fadul Rosa \u2013 Fenalco<\/p>\n<p>Bernardo Romero Parra \u2013 Dirigencia C\u00edvica<\/p>\n","protected":false},"excerpt":{"rendered":"<p>El Plan Maestro Educativo lleg\u00f3 con buen ambiente a la audiencia p\u00fablica del Concejo Distrital, en la que participaron por lo menos 25 personas, representantes de los distintos sectores que vienen participando en la construcci\u00f3n colectiva de esta ruta clave en el progreso de la ciudad. Jaime Hern\u00e1ndez Am\u00edn, secretario de Educaci\u00f3n Distrital, destac\u00f3 el trabajo que por m\u00e1s de tres a\u00f1os realizaron cerca de 2.500 personas en la formulaci\u00f3n de este documento, con el liderazgo de la fundaci\u00f3n Mamonal, que ahora llega al Concejo para su tr\u00e1mite, donde la&#8230; <\/p>\n","protected":false},"author":3,"featured_media":25397,"comment_status":"open","ping_status":"closed","sticky":false,"template":"","format":"standard","meta":{"footnotes":"","_links_to":"","_links_to_target":""},"categories":[75,32],"tags":[],"class_list":["post-25384","post","type-post","status-publish","format-standard","has-post-thumbnail","hentry","category-destacada","category-actualidad-distrito"],"_links":{"self":[{"href":"https:\/\/revistazetta.com\/index.php?rest_route=\/wp\/v2\/posts\/25384","targetHints":{"allow":["GET"]}}],"collection":[{"href":"https:\/\/revistazetta.com\/index.php?rest_route=\/wp\/v2\/posts"}],"about":[{"href":"https:\/\/revistazetta.com\/index.php?rest_route=\/wp\/v2\/types\/post"}],"author":[{"embeddable":true,"href":"https:\/\/revistazetta.com\/index.php?rest_route=\/wp\/v2\/users\/3"}],"replies":[{"embeddable":true,"href":"https:\/\/revistazetta.com\/index.php?rest_route=%2Fwp%2Fv2%2Fcomments&post=25384"}],"version-history":[{"count":0,"href":"https:\/\/revistazetta.com\/index.php?rest_route=\/wp\/v2\/posts\/25384\/revisions"}],"wp:featuredmedia":[{"embeddable":true,"href":"https:\/\/revistazetta.com\/index.php?rest_route=\/wp\/v2\/media\/25397"}],"wp:attachment":[{"href":"https:\/\/revistazetta.com\/index.php?rest_route=%2Fwp%2Fv2%2Fmedia&parent=25384"}],"wp:term":[{"taxonomy":"category","embeddable":true,"href":"https:\/\/revistazetta.com\/index.php?rest_route=%2Fwp%2Fv2%2Fcategories&post=25384"},{"taxonomy":"post_tag","embeddable":true,"href":"https:\/\/revistazetta.com\/index.php?rest_route=%2Fwp%2Fv2%2Ftags&post=25384"}],"curies":[{"name":"wp","href":"https:\/\/api.w.org\/{rel}","templated":true}]}}