{"id":25385,"date":"2018-04-03T06:16:11","date_gmt":"2018-04-03T11:16:11","guid":{"rendered":"http:\/\/www.revistazetta.com\/?p=25385"},"modified":"2018-04-03T08:33:28","modified_gmt":"2018-04-03T13:33:28","slug":"fenalco-cartagena-las-entidades-apoyan-pme","status":"publish","type":"post","link":"https:\/\/revistazetta.com\/?p=25385","title":{"rendered":"Fenalco y Cartagena C\u00f3mo Vamos, entre las entidades que apoyan el PME"},"content":{"rendered":"<p>La seccional Bol\u00edvar de Fenalco as\u00ed como la organizaci\u00f3n Cartagena C\u00f3mo Vamos manifestaron su apoyo al Plan Maestro de Educaci\u00f3n, que inici\u00f3 su tr\u00e1mite en el Concejo de Cartagena.<\/p>\n<p>Fenalco Bol\u00edvar se\u00f1al\u00f3 en un comunicado que \u201ccelebra que este esfuerzo colectivo en el que tanto tiempo se ha invertido y tantas instituciones participaron, haya finalmente sido presentado a la Corporaci\u00f3n\u201d.<\/p>\n<p>A su vez, CCV indic\u00f3 que la educaci\u00f3n es una de las cinco prioridades del sector p\u00fablico y que el PME es el primer paso para saldar la deuda hist\u00f3rica con los cartageneros \u201cque no pudieron acceder a una educaci\u00f3n de calidad en su ciudad y a quienes les ha costado esfuerzo adicional se profesionales competitivos en el pa\u00eds y a nivel global\u201d.<\/p>\n<p>Los comentarios de Fenalco Bol\u00edvar, giraron alrededor de:<\/p>\n<ol>\n<li>Las sociedades que progresan se piensan, se sue\u00f1an y planean\u00a0a largo plazo.<\/li>\n<li>El largo plazo acusa un problema serio: no redit\u00faa pol\u00edticamente con rapidez y eso juega en su contra. Ojal\u00e1 todos los obligados al \u00e9xito del mismo, puedan sobreponerse a ello.<\/li>\n<li>En el territorio hemos estado haciendo las cosas mal en materia educativa. Las cifras no mienten.<\/li>\n<li>La educaci\u00f3n\u00a0en el \u00e1mbito socioecon\u00f3mico tiene m\u00faltiples ventajas.<\/li>\n<li>Tiene la capacidad de contribuir con la mayor eficiencia a quebrar las trampas de la pobreza y de la desigualdad. En Cartagena estamos en los primeros puestos del escalaf\u00f3n en ambas.<\/li>\n<li>Los recursos que se invierten en ella tienen la capacidad de\u00a0generar competitividad y riqueza territorial.<\/li>\n<li>La educaci\u00f3n es un bien\u00a0que luego de ser apropiado, ya nadie puede arrebat\u00e1rselo a quien la recibe.<\/li>\n<li>Y por \u00faltimo, contribuye a cualificar la democracia\u00a0que es el mayor bien social\u00a0com\u00fan, de lo cual estamos bastante urgidos.<\/li>\n<\/ol>\n<p>\u201cLa grandeza de quienes lleguen al Palacio de la Aduana en los periodos pr\u00f3ximos va a estar medida, en buena parte, por el respeto a esta apuesta colectiva tan necesaria como inaplazable, plan construido por quienes mejor saben del asunto y por quienes les corresponder\u00e1 aplicarlo y favorecerse de logro de sus valiosas metas. Ser\u00eda ideal adem\u00e1s que quien lo vaya a regentar sea escogido por m\u00e9ritos y mantenido al margen de los vaivenes propios del ejercicio del poder p\u00fablico, en especial en una ciudad como la nuestra\u201d indic\u00f3 M\u00f3nica Fadul Directora de Fenalco Bol\u00edvar.<\/p>\n<p>Por lo anterior Fenalco, gremio que cree c\u00f3mo ninguno en este factor del Desarrollo Humano, solicit\u00f3 con \u00e9nfasis a los cabildantes que lo aprueben y ayuden a realizarlo cabalmente.<\/p>\n<p>&nbsp;<\/p>\n","protected":false},"excerpt":{"rendered":"<p>La seccional Bol\u00edvar de Fenalco as\u00ed como la organizaci\u00f3n Cartagena C\u00f3mo Vamos manifestaron su apoyo al Plan Maestro de Educaci\u00f3n, que inici\u00f3 su tr\u00e1mite en el Concejo de Cartagena. Fenalco Bol\u00edvar se\u00f1al\u00f3 en un comunicado que \u201ccelebra que este esfuerzo colectivo en el que tanto tiempo se ha invertido y tantas instituciones participaron, haya finalmente sido presentado a la Corporaci\u00f3n\u201d. A su vez, CCV indic\u00f3 que la educaci\u00f3n es una de las cinco prioridades del sector p\u00fablico y que el PME es el primer paso para saldar la deuda hist\u00f3rica&#8230; <\/p>\n","protected":false},"author":3,"featured_media":25396,"comment_status":"open","ping_status":"closed","sticky":false,"template":"","format":"standard","meta":{"footnotes":"","_links_to":"","_links_to_target":""},"categories":[3,40],"tags":[],"class_list":["post-25385","post","type-post","status-publish","format-standard","has-post-thumbnail","hentry","category-ciudad","category-tuciudad"],"_links":{"self":[{"href":"https:\/\/revistazetta.com\/index.php?rest_route=\/wp\/v2\/posts\/25385","targetHints":{"allow":["GET"]}}],"collection":[{"href":"https:\/\/revistazetta.com\/index.php?rest_route=\/wp\/v2\/posts"}],"about":[{"href":"https:\/\/revistazetta.com\/index.php?rest_route=\/wp\/v2\/types\/post"}],"author":[{"embeddable":true,"href":"https:\/\/revistazetta.com\/index.php?rest_route=\/wp\/v2\/users\/3"}],"replies":[{"embeddable":true,"href":"https:\/\/revistazetta.com\/index.php?rest_route=%2Fwp%2Fv2%2Fcomments&post=25385"}],"version-history":[{"count":0,"href":"https:\/\/revistazetta.com\/index.php?rest_route=\/wp\/v2\/posts\/25385\/revisions"}],"wp:featuredmedia":[{"embeddable":true,"href":"https:\/\/revistazetta.com\/index.php?rest_route=\/wp\/v2\/media\/25396"}],"wp:attachment":[{"href":"https:\/\/revistazetta.com\/index.php?rest_route=%2Fwp%2Fv2%2Fmedia&parent=25385"}],"wp:term":[{"taxonomy":"category","embeddable":true,"href":"https:\/\/revistazetta.com\/index.php?rest_route=%2Fwp%2Fv2%2Fcategories&post=25385"},{"taxonomy":"post_tag","embeddable":true,"href":"https:\/\/revistazetta.com\/index.php?rest_route=%2Fwp%2Fv2%2Ftags&post=25385"}],"curies":[{"name":"wp","href":"https:\/\/api.w.org\/{rel}","templated":true}]}}