{"id":25388,"date":"2018-04-03T06:31:53","date_gmt":"2018-04-03T11:31:53","guid":{"rendered":"http:\/\/www.revistazetta.com\/?p=25388"},"modified":"2018-04-03T08:32:49","modified_gmt":"2018-04-03T13:32:49","slug":"sergio-londono-se-fue-despachar-desde-edifcio-portus","status":"publish","type":"post","link":"https:\/\/revistazetta.com\/?p=25388","title":{"rendered":"Sergio Londo\u00f1o se fue\u2026 a despachar desde el edificio Portus"},"content":{"rendered":"<p>El Despacho del Alcalde y el sal\u00f3n Vicente Mart\u00ednez en el Palacio de la Aduana est\u00e1n siendo sometidos a reparaciones, por lo que el titular encargado Sergio Londo\u00f1o Zurek decidi\u00f3 llevarse la sede de gobierno al piso 23 del edificio Portus, una modenra mole levantada en la zona portuaria de Manga.<\/p>\n<p>La decisi\u00f3n caus\u00f3 de inmediato pol\u00e9mica, pues un sector de la comunidad mangera lo estim\u00f3 inconveniente por el colapso que generar\u00e1 en la movilidad, mientras que el Concejo de Cartagena pidi\u00f3 cuentas de lo que se pagar\u00e1 en arriendo, el tiempo que estar\u00e1 al servicio y si se evaluaron otras opciones.<\/p>\n<p>Por su parte, la Alcald\u00eda defendi\u00f3 la operaci\u00f3n con el argumento de un ahorro de $700 millones en costos de arriendo y servicio de vigilancia de las siete entidades que ahora operar\u00e1n desde el Portus, junto con el Despacho del Alcalde.<\/p>\n<p>\u201cEl Plan de Austeridad aplica para cada uno de los servicios que la Oficina de Apoyo Log\u00edstico genera para el Distrito, por ello se analizaron gastos de combustible para el parque automotor, aires acondicionados y el tema de arrendamiento en el b\u00e1sicamente est\u00e1bamos encontrando m\u00e1rgenes en gastos de arriendo incluso de 70 mil pesos el metro cuadrado por oficinas, un costo excesivo\u201d, explic\u00f3 Judith P\u00e9rez, directora de Apoyo Log\u00edstico del Distrito.<\/p>\n<p>Un costo excesivo en arriendo por oficinas antiguas que no contaban con las condiciones m\u00ednimas de acomodaci\u00f3n para la ciudadan\u00eda, servidores p\u00fablicos y contratistas.<\/p>\n<p>\u201cEncontramos oficinas con humedad, inmuebles con poco luminosidad, en donde los aires acondicionados a pesar de estar arrendados con el mismo inmueble no funcionaban, la ciudadan\u00eda y los servidores p\u00fablicos se sent\u00edan impactados, en esa medida ten\u00edamos que cambiar para mejorar las condiciones de todos\u201d, dijo Judith P\u00e9rez.<\/p>\n<p>En la b\u00fasqueda de mejorar las contexto locativo y humano de estas dependencias, se present\u00f3 la oferta del moderno edificio Portus, en el barrio Manga, que ofreci\u00f3 siete pisos para el traslado de las oficinas de Secretar\u00eda del Interior y Convivencia Ciudadana, Secretar\u00eda de Planeaci\u00f3n y Control Urbano, Oficina de Control Disciplinario, Oficina de Control Interno, Valorizaci\u00f3n Distrital y el despacho del Alcalde, que de manera provisional estar\u00e1 ubicado all\u00ed mientras se realizan unos trabajos de reforzamiento estructural en el Palacio de La Aduana.<\/p>\n<p>\u201cEl edificio Portus cuanta con unas instalaciones modernas y adem\u00e1s encontramos el metro cuadrado en 56 mil pesos,\u00a0ofrece toda los mobiliarios necesarios en el mismo contrato, sillas ergon\u00f3micas, luminosidad, y aires acondicionados \u00f3ptimos, adem\u00e1s la agilidad para el arreglo de mobiliarios puesto que ellos mismos asumen esos costos\u201d, explic\u00f3 la funcionaria.<\/p>\n<p>En el mismo contexto, tambi\u00e9n se present\u00f3 el ahorro del 100% en vigilancia, puesto que el mismo edificio ofrece este servicio y adicionalmente los funcionarios tendr\u00e1n un ingreso con huella digital a cada una de las dependencias.<\/p>\n<p>\u201cDeb\u00edamos tener un vigilante las 24 horas en cada una de las dependencias, en el nuevo edificio ellos nos ofrecen este servicio, adem\u00e1s, nosotros nos debemos a la ciudadan\u00eda est\u00e1n dispuestas tambi\u00e9n las salas de atenci\u00f3n al ciudadano c\u00f3modas y con mejor calidad en la prestaci\u00f3n del servicio\u201d, enfatiz\u00f3.<\/p>\n<p>&nbsp;<\/p>\n","protected":false},"excerpt":{"rendered":"<p>El Despacho del Alcalde y el sal\u00f3n Vicente Mart\u00ednez en el Palacio de la Aduana est\u00e1n siendo sometidos a reparaciones, por lo que el titular encargado Sergio Londo\u00f1o Zurek decidi\u00f3 llevarse la sede de gobierno al piso 23 del edificio Portus, una modenra mole levantada en la zona portuaria de Manga. La decisi\u00f3n caus\u00f3 de inmediato pol\u00e9mica, pues un sector de la comunidad mangera lo estim\u00f3 inconveniente por el colapso que generar\u00e1 en la movilidad, mientras que el Concejo de Cartagena pidi\u00f3 cuentas de lo que se pagar\u00e1 en arriendo,&#8230; <\/p>\n","protected":false},"author":3,"featured_media":25398,"comment_status":"open","ping_status":"closed","sticky":false,"template":"","format":"standard","meta":{"footnotes":"","_links_to":"","_links_to_target":""},"categories":[75,32],"tags":[],"class_list":["post-25388","post","type-post","status-publish","format-standard","has-post-thumbnail","hentry","category-destacada","category-actualidad-distrito"],"_links":{"self":[{"href":"https:\/\/revistazetta.com\/index.php?rest_route=\/wp\/v2\/posts\/25388","targetHints":{"allow":["GET"]}}],"collection":[{"href":"https:\/\/revistazetta.com\/index.php?rest_route=\/wp\/v2\/posts"}],"about":[{"href":"https:\/\/revistazetta.com\/index.php?rest_route=\/wp\/v2\/types\/post"}],"author":[{"embeddable":true,"href":"https:\/\/revistazetta.com\/index.php?rest_route=\/wp\/v2\/users\/3"}],"replies":[{"embeddable":true,"href":"https:\/\/revistazetta.com\/index.php?rest_route=%2Fwp%2Fv2%2Fcomments&post=25388"}],"version-history":[{"count":0,"href":"https:\/\/revistazetta.com\/index.php?rest_route=\/wp\/v2\/posts\/25388\/revisions"}],"wp:featuredmedia":[{"embeddable":true,"href":"https:\/\/revistazetta.com\/index.php?rest_route=\/wp\/v2\/media\/25398"}],"wp:attachment":[{"href":"https:\/\/revistazetta.com\/index.php?rest_route=%2Fwp%2Fv2%2Fmedia&parent=25388"}],"wp:term":[{"taxonomy":"category","embeddable":true,"href":"https:\/\/revistazetta.com\/index.php?rest_route=%2Fwp%2Fv2%2Fcategories&post=25388"},{"taxonomy":"post_tag","embeddable":true,"href":"https:\/\/revistazetta.com\/index.php?rest_route=%2Fwp%2Fv2%2Ftags&post=25388"}],"curies":[{"name":"wp","href":"https:\/\/api.w.org\/{rel}","templated":true}]}}