{"id":25389,"date":"2018-04-03T06:33:08","date_gmt":"2018-04-03T11:33:08","guid":{"rendered":"http:\/\/www.revistazetta.com\/?p=25389"},"modified":"2018-04-03T08:32:12","modified_gmt":"2018-04-03T13:32:12","slug":"atipica-concejo-eligio-primer-vicepresidente","status":"publish","type":"post","link":"https:\/\/revistazetta.com\/?p=25389","title":{"rendered":"En \u201cat\u00edpica\u201d, Concejo eligi\u00f3 Primer Vicepresidente"},"content":{"rendered":"<p>Todas las miradas apuntaban a Rodrigo Reyes Pereira, pues era la \u00fanica alternativa viable para la elecci\u00f3n \u201cat\u00edpica\u201d de Primer Vicepresidente del Concejo de Cartagena.<\/p>\n<p>El motivo para acudir a la votaci\u00f3n es que la persona que ocupaba esa dignidad de la Mesa Directiva, la concejal Judith D\u00edaz, debi\u00f3 salir del Concejo como consecuencia de un fallo de tutela, que le devolvi\u00f3 esa curul a Ronald Fortich.<\/p>\n<p>Dado que la elecci\u00f3n recae sobre la persona y no sobre la bancada, se debi\u00f3 programar la elecci\u00f3n para elegir nuevo primer Vicepresidente, pero nadie quer\u00eda.<\/p>\n<p>La situci\u00f3n es esta: el Concejo tiene actualmente siete integrantes, de los cuales dos ya hacen parte de la Mesa Directiva: Wilson Toncel y Javier Curi.<\/p>\n<p>De los cinco que quedan, uno no pod\u00eda aspirar porque ya hab\u00eda pertenecido a la Mesa Directiva el a\u00f1o pasado y no pod\u00eda repetir: C\u00e9sr Pi\u00f3n.<\/p>\n<p>De los cuatro que quedan, Vicente Blel no pod\u00eda aspirar porque su partido Cambio Radical ya est\u00e1 representado en la Presidencia con Wilson Toncel.<\/p>\n<p>As\u00ed que solo quedaban los tres concejales conservadores: David Caballero, que dijo en todos los tonos que por ning\u00fan motivo aceptar\u00eda postularse; Rafael Meza, que tampoco estaba interesado, y por eso todas las miradas apuntaban a Reyes Pereira.<\/p>\n<p>Al momento de abrirse las postulaciones, no hab\u00eda decisi\u00f3n, por lo que el concejal Rafael meza pidi\u00f3 de un receso, que fue concedido de inmediato por el presidente Toncal. Los siete concejales se retiaron del recinto para darle un nuevo y r\u00e1pido examen a la situaci\u00f3n, y todas las miradas, de nuevo, apuntaron a Reyes, quien acept\u00f3 m\u00e1s por solidaridad con la corporaci\u00f3n que por satisfacci\u00f3n pol\u00edtica.<\/p>\n<p>Al reanudar la sesi\u00f3n, y una vez postulado, la decisi\u00f3n fue un\u00e1nime: siete votos a favor.<\/p>\n<p>Si el Concejo sigue conformado por siete cabildantes, la elecci\u00f3n de la Mesa Directiva en 2019 ser\u00e1 solo entre Vicente Blel, Rafael Meza, David Caballero y C\u00e9sar Pi\u00f3n, puesto que no podr\u00e1n repetir ni Toncel, ni Curi, ni Reyes.<\/p>\n","protected":false},"excerpt":{"rendered":"<p>Todas las miradas apuntaban a Rodrigo Reyes Pereira, pues era la \u00fanica alternativa viable para la elecci\u00f3n \u201cat\u00edpica\u201d de Primer Vicepresidente del Concejo de Cartagena. El motivo para acudir a la votaci\u00f3n es que la persona que ocupaba esa dignidad de la Mesa Directiva, la concejal Judith D\u00edaz, debi\u00f3 salir del Concejo como consecuencia de un fallo de tutela, que le devolvi\u00f3 esa curul a Ronald Fortich. Dado que la elecci\u00f3n recae sobre la persona y no sobre la bancada, se debi\u00f3 programar la elecci\u00f3n para elegir nuevo primer Vicepresidente,&#8230; <\/p>\n","protected":false},"author":3,"featured_media":25394,"comment_status":"open","ping_status":"closed","sticky":false,"template":"","format":"standard","meta":{"footnotes":"","_links_to":"","_links_to_target":""},"categories":[75,27,4],"tags":[],"class_list":["post-25389","post","type-post","status-publish","format-standard","has-post-thumbnail","hentry","category-destacada","category-politicaconcejo","category-politica"],"_links":{"self":[{"href":"https:\/\/revistazetta.com\/index.php?rest_route=\/wp\/v2\/posts\/25389","targetHints":{"allow":["GET"]}}],"collection":[{"href":"https:\/\/revistazetta.com\/index.php?rest_route=\/wp\/v2\/posts"}],"about":[{"href":"https:\/\/revistazetta.com\/index.php?rest_route=\/wp\/v2\/types\/post"}],"author":[{"embeddable":true,"href":"https:\/\/revistazetta.com\/index.php?rest_route=\/wp\/v2\/users\/3"}],"replies":[{"embeddable":true,"href":"https:\/\/revistazetta.com\/index.php?rest_route=%2Fwp%2Fv2%2Fcomments&post=25389"}],"version-history":[{"count":0,"href":"https:\/\/revistazetta.com\/index.php?rest_route=\/wp\/v2\/posts\/25389\/revisions"}],"wp:featuredmedia":[{"embeddable":true,"href":"https:\/\/revistazetta.com\/index.php?rest_route=\/wp\/v2\/media\/25394"}],"wp:attachment":[{"href":"https:\/\/revistazetta.com\/index.php?rest_route=%2Fwp%2Fv2%2Fmedia&parent=25389"}],"wp:term":[{"taxonomy":"category","embeddable":true,"href":"https:\/\/revistazetta.com\/index.php?rest_route=%2Fwp%2Fv2%2Fcategories&post=25389"},{"taxonomy":"post_tag","embeddable":true,"href":"https:\/\/revistazetta.com\/index.php?rest_route=%2Fwp%2Fv2%2Ftags&post=25389"}],"curies":[{"name":"wp","href":"https:\/\/api.w.org\/{rel}","templated":true}]}}