{"id":25390,"date":"2018-04-03T06:47:29","date_gmt":"2018-04-03T11:47:29","guid":{"rendered":"http:\/\/www.revistazetta.com\/?p=25390"},"modified":"2018-04-03T08:31:37","modified_gmt":"2018-04-03T13:31:37","slug":"voy-poner-espejo-retrovisor-david-munera","status":"publish","type":"post","link":"https:\/\/revistazetta.com\/?p=25390","title":{"rendered":"\u201cVoy a poner espejo retrovisor\u201d: David M\u00fanera"},"content":{"rendered":"<p><img loading=\"lazy\" decoding=\"async\" class=\"alignright size-medium wp-image-25400\" src=\"https:\/\/www.revistazetta.com\/wp-content\/uploads\/2018\/04\/M\u00fanera-espejo-2-300x200.jpg\" alt=\"\" width=\"300\" height=\"200\" srcset=\"https:\/\/revistazetta.com\/wp-content\/uploads\/2018\/04\/M\u00fanera-espejo-2-300x200.jpg 300w, https:\/\/revistazetta.com\/wp-content\/uploads\/2018\/04\/M\u00fanera-espejo-2-219x146.jpg 219w, https:\/\/revistazetta.com\/wp-content\/uploads\/2018\/04\/M\u00fanera-espejo-2-50x33.jpg 50w, https:\/\/revistazetta.com\/wp-content\/uploads\/2018\/04\/M\u00fanera-espejo-2-113x75.jpg 113w, https:\/\/revistazetta.com\/wp-content\/uploads\/2018\/04\/M\u00fanera-espejo-2.jpg 883w\" sizes=\"auto, (max-width: 300px) 100vw, 300px\" \/>Todos los contratos firmados en los \u00fatimos cinco a\u00f1os ser\u00e1n llevados a la Fiscal\u00eda, Contralor\u00eda y Procuradur\u00eda, como una de las medidas para combatir la corrupci\u00f3n en caso de que David M\u00fanera Cavad\u00eda sea elegido alcalde de Cartagena.<\/p>\n<p>\u201cVoy a poner espejo retrovisor\u201d dijo enf\u00e1ticamente en una rueda de prensa donde present\u00f3 el apoyo del excandidato al Senado por el partido Verde, Horacio Correa (4.596 votos), la excandidata a la Alcald\u00eda Claudia Fadul, y el senador reelegido Jorge Robledo.<\/p>\n<p>\u201cHe se\u00f1alado que hay que cortarle la mermelada a los pol\u00edticos para combatir la corrupci\u00f3n, por eso no habr\u00e1 OPS para los pol\u00edticos en mi gobierno y voy a poner el espejo retrovisor y voy a pedir que se investiguen las contrataciones de los \u00faltimos cinco a\u00f1os, por la manera como se ha saqueado a Cartagena\u201d, se\u00f1al\u00f3.<\/p>\n<p>M\u00fanera explic\u00f3 que lo que est\u00e1 en juego en un mandato de 19 meses es una contrataci\u00f3n cercana al bill\u00f3n de pesos en megaproyectos, que apetecen financistas y pol\u00edticos corruptos para saquear.<\/p>\n<p>\u201cEl poder las maquinarias, de los partidos radicionales, quere quedarse de nuevo con la Alcald\u00eda de Cartagena, y nos jugamos si la ciudad sigue capturada por la corrupci\u00f3n, o si la ciudad gira y da un cambio de transformaci\u00f3n\u201d, puntualiz\u00f3.<\/p>\n<p>M\u00fanera denunci\u00f3 que hay campa\u00f1as a la Alcald\u00eda de Cartagena desbordadas desde lo financiero y publicitario, y pidi\u00f3 a la Fiscal\u00eda una investigaci\u00f3n exaustiva.<\/p>\n<p>Dijo que en su gobierno la contrataci\u00f3n ser\u00e1 transparente, y por eso va a liquidar a Edurbe, \u201cque ha servido para todo menos para cumplir su objeto, sino para contrataciones a dedo para beneficiar al partido de los constratistas, para burlar la ley de contrataci\u00f3n\u201d. Agreg\u00f3 que va a eliminar los peajes y revisar todas las concesiones, incluyendo la de Acuacar y el alumbrado p\u00fablico, pues \u201chay grandes intereses en el negociado de los peajes, para prolongarlo muy a pesar del fallo de la Contralor\u00eda para haberlos cerrado desde el 20 de enero de 2017\u201d.<\/p>\n<p>\u201cPor todo esto las casas pol\u00edticas y los grandes financistas est\u00e1n interesados en seguir en el poder y mantener la ciudad capturada\u201d, expres\u00f3.<\/p>\n","protected":false},"excerpt":{"rendered":"<p>Todos los contratos firmados en los \u00fatimos cinco a\u00f1os ser\u00e1n llevados a la Fiscal\u00eda, Contralor\u00eda y Procuradur\u00eda, como una de las medidas para combatir la corrupci\u00f3n en caso de que David M\u00fanera Cavad\u00eda sea elegido alcalde de Cartagena. \u201cVoy a poner espejo retrovisor\u201d dijo enf\u00e1ticamente en una rueda de prensa donde present\u00f3 el apoyo del excandidato al Senado por el partido Verde, Horacio Correa (4.596 votos), la excandidata a la Alcald\u00eda Claudia Fadul, y el senador reelegido Jorge Robledo. \u201cHe se\u00f1alado que hay que cortarle la mermelada a los pol\u00edticos&#8230; <\/p>\n","protected":false},"author":3,"featured_media":25395,"comment_status":"open","ping_status":"closed","sticky":false,"template":"","format":"standard","meta":{"footnotes":"","_links_to":"","_links_to_target":""},"categories":[4,75],"tags":[],"class_list":["post-25390","post","type-post","status-publish","format-standard","has-post-thumbnail","hentry","category-politica","category-destacada"],"_links":{"self":[{"href":"https:\/\/revistazetta.com\/index.php?rest_route=\/wp\/v2\/posts\/25390","targetHints":{"allow":["GET"]}}],"collection":[{"href":"https:\/\/revistazetta.com\/index.php?rest_route=\/wp\/v2\/posts"}],"about":[{"href":"https:\/\/revistazetta.com\/index.php?rest_route=\/wp\/v2\/types\/post"}],"author":[{"embeddable":true,"href":"https:\/\/revistazetta.com\/index.php?rest_route=\/wp\/v2\/users\/3"}],"replies":[{"embeddable":true,"href":"https:\/\/revistazetta.com\/index.php?rest_route=%2Fwp%2Fv2%2Fcomments&post=25390"}],"version-history":[{"count":0,"href":"https:\/\/revistazetta.com\/index.php?rest_route=\/wp\/v2\/posts\/25390\/revisions"}],"wp:featuredmedia":[{"embeddable":true,"href":"https:\/\/revistazetta.com\/index.php?rest_route=\/wp\/v2\/media\/25395"}],"wp:attachment":[{"href":"https:\/\/revistazetta.com\/index.php?rest_route=%2Fwp%2Fv2%2Fmedia&parent=25390"}],"wp:term":[{"taxonomy":"category","embeddable":true,"href":"https:\/\/revistazetta.com\/index.php?rest_route=%2Fwp%2Fv2%2Fcategories&post=25390"},{"taxonomy":"post_tag","embeddable":true,"href":"https:\/\/revistazetta.com\/index.php?rest_route=%2Fwp%2Fv2%2Ftags&post=25390"}],"curies":[{"name":"wp","href":"https:\/\/api.w.org\/{rel}","templated":true}]}}