{"id":25523,"date":"2018-04-09T23:37:20","date_gmt":"2018-04-10T04:37:20","guid":{"rendered":"http:\/\/www.revistazetta.com\/?p=25523"},"modified":"2018-04-09T23:37:20","modified_gmt":"2018-04-10T04:37:20","slug":"concejo-ajusta-mecanismo-elegir-contralor","status":"publish","type":"post","link":"https:\/\/revistazetta.com\/?p=25523","title":{"rendered":"Concejo ajusta mecanismo para elegir contralor"},"content":{"rendered":"<p>El Concejo Distrital est\u00e1 afinando el mecanismo para elegir un nuevo contralor en propiedad, luego de la nulidad en la elecci\u00f3n de Nubia Fontalvo, un proceso salpicado por el peor esc\u00e1ndalo de corrupci\u00f3n en Cartagena.<\/p>\n<p>El Concejo quiere que las debilidades del anterior mecanismo sean subsanadas, y que el nuevo proceso tenga todas las garant\u00edas jur\u00eddicas para su feliz t\u00e9rmino.<\/p>\n<p>En plenaria de este lunes, el Concejo Distrital present\u00f3 la ponencia en segundo debate del Proyecto de Acuerdo # 099 de 2018 que busca modificar el reglamento interno del Concejo en lo que concierne a la elecci\u00f3n del Contralor Distrital.<\/p>\n<p>La iniciativa, que tiene como finalidad determinar la estructura b\u00e1sica de la convocatoria p\u00fablica, indicar los tr\u00e1mites y fijar la forma de elecci\u00f3n del Contralor Distrital, fue puesta a consideraci\u00f3n de los cabildantes, quienes por medio del voto aprobaron el paso del proyecto de acuerdo a Acuerdo Distrital.<\/p>\n<p>&nbsp;<\/p>\n<p><strong>Frente Mixto<\/strong><\/p>\n<p>El concejal C\u00e9sar Pi\u00f3n expuso varios indicadores que reflejan que la ciudad presentaba los mismos problemas hace 18 a\u00f1os y se viven en la actualidad, evidenciando que Cartagena est\u00e1 sobre diagnosticada y reina la falta de implementaci\u00f3n de pol\u00edticas p\u00fablicas.<\/p>\n<p>El cabildante asegur\u00f3 que a Cartagena la agobia la necesidad de aplicar una pol\u00edtica p\u00fablica local. \u201cNosotros carecemos de un formato local, el flujograma, el \u00e9xito de la pol\u00edtica p\u00fablica est\u00e1 en su implementaci\u00f3n, por lo que necesitamos una matriz local de m\u00e9todos propios para poder decidir. El Concejo debe hablar con la administraci\u00f3n para dise\u00f1ar el flujograma de las actividades del territorio\u201d dijo Pi\u00f3n Gonz\u00e1lez.<\/p>\n<p>&nbsp;<\/p>\n<p><strong>Audiencia P\u00fablica<\/strong><\/p>\n<p>De igual forma, en audiencia p\u00fablica se estudiaron los Proyectos de Acuerdo No 097 donde se institucionaliza el Circuito Cultural de Cartagena de Indias, el 096 por el cual se establece el Proceso Urbano de Paz y el 100 mediante la cual se regula unas tarifas y se verifican los estados de los parqueaderos del Distrito de Cartagena.<\/p>\n<p>Proyectos de Acuerdo No 097 donde se institucionaliza el Circuito Cultural de Cartagena de Indias<\/p>\n<p>El gestor cultural, William Hurtado G\u00f3mez,\u00a0 propuso la creaci\u00f3n de una comisi\u00f3n donde participe la ciudadan\u00eda y se le apruebe un presupuesto digno.<\/p>\n<p>\u201cNosotros nos hemos dado cuenta que el Instituto de Patrimonio y Cultura de Cartagena (IPCC) le apuesta m\u00e1s al Festival del Frito Cartagenero que al Festival de la Poes\u00eda. El arte sirve para despertamos, para sensibilizarnos y eso le falta a nuestra sociedad\u201d, asegur\u00f3 Hurtado G\u00f3mez.<\/p>\n<p>Del mismo modo, Luis Alberto Salazar Paternina, representante del Centro de Pensamiento Cultural, insisti\u00f3 en la deuda hist\u00f3rica que tiene la ciudad con el gremio cultural al tenerlo rezagado sin presupuesto.<\/p>\n<p>\u201cLa idea del circuito anual de arte en Cartagena es extraordinaria, pero hay que hacerla de manera digna para que sea justa con el gremio cultural. Nosotros tenemos la voluntad pero debe ser acompa\u00f1ada de una inversi\u00f3n robusta. Agradezco al Concejo por esta propuesta\u201d, puntualiz\u00f3 Salazar Paternina.<\/p>\n<p>Sobre este tema, el concejal C\u00e9sar Pi\u00f3n afirm\u00f3 que esta es una iniciativa de la Corporaci\u00f3n, y aclar\u00f3 a los participantes que no en todo lo que genera movimiento presupuestal y asignaci\u00f3n el Concejo tiene la competencia.<\/p>\n<p>Por su parte, el concejal Javier Curi asegur\u00f3 que a los gremios culturales no se les est\u00e1 teniendo en cuenta para los programas de la ciudad. Y cuestion\u00f3 el por qu\u00e9 hay presupuestos para algunos grupos y para los culturales no.<\/p>\n<p>\u201cEl Fondo Mixto parece que no existe para las administraciones, algunos grupos que no son representativos del gremio cultural si cuentan con presupuesto. Es cierto que hay discriminaci\u00f3n\u201d, concluy\u00f3 el cabildante del Partido Liberal.<\/p>\n<p>Proyecto de Acuerdo No 098 por el cual se establece un Proceso Urbano de Paz y se define la figura del Coordinador Urbano de Paz en Cartagena<\/p>\n<p>A ra\u00edz de la falta de participantes, muy a pesar de la convocatoria realizada por la Corporaci\u00f3n, el Concejal C\u00e9sar Pi\u00f3n, ponente de la misma, solicit\u00f3 reprogramar la audiencia, lo cual fue aceptado por la mesa directiva.<\/p>\n<p>Proyecto de Acuerdo No 100 mediante la cual se regula unas tarifas y se verifican los estados de los parqueaderos del Distrito de Cartagena<\/p>\n<p>El concejal C\u00e9sar Pi\u00f3n hizo un llamado a la administraci\u00f3n para que tenga en cuenta el proyecto de los parqueaderos y termine con el abuso que le est\u00e1n generando a la ciudadan\u00eda por las tarifas y la mala calidad en la que algunos se encuentran.<\/p>\n<p>&nbsp;<\/p>\n<p>\u201cEs una obligaci\u00f3n nuestra en el control pol\u00edtico, en la ciudad que cualquiera hace un parqueadero, sin c\u00e1maras sin p\u00f3lizas con precios distintos a los que corresponden, son unos monopolios\u201d, dijo Pi\u00f3n Gonz\u00e1lez.<\/p>\n","protected":false},"excerpt":{"rendered":"<p>El Concejo Distrital est\u00e1 afinando el mecanismo para elegir un nuevo contralor en propiedad, luego de la nulidad en la elecci\u00f3n de Nubia Fontalvo, un proceso salpicado por el peor esc\u00e1ndalo de corrupci\u00f3n en Cartagena. El Concejo quiere que las debilidades del anterior mecanismo sean subsanadas, y que el nuevo proceso tenga todas las garant\u00edas jur\u00eddicas para su feliz t\u00e9rmino. En plenaria de este lunes, el Concejo Distrital present\u00f3 la ponencia en segundo debate del Proyecto de Acuerdo # 099 de 2018 que busca modificar el reglamento interno del Concejo&#8230; <\/p>\n","protected":false},"author":3,"featured_media":25524,"comment_status":"open","ping_status":"closed","sticky":false,"template":"","format":"standard","meta":{"footnotes":"","_links_to":"","_links_to_target":""},"categories":[75,27,4],"tags":[],"class_list":["post-25523","post","type-post","status-publish","format-standard","has-post-thumbnail","hentry","category-destacada","category-politicaconcejo","category-politica"],"_links":{"self":[{"href":"https:\/\/revistazetta.com\/index.php?rest_route=\/wp\/v2\/posts\/25523","targetHints":{"allow":["GET"]}}],"collection":[{"href":"https:\/\/revistazetta.com\/index.php?rest_route=\/wp\/v2\/posts"}],"about":[{"href":"https:\/\/revistazetta.com\/index.php?rest_route=\/wp\/v2\/types\/post"}],"author":[{"embeddable":true,"href":"https:\/\/revistazetta.com\/index.php?rest_route=\/wp\/v2\/users\/3"}],"replies":[{"embeddable":true,"href":"https:\/\/revistazetta.com\/index.php?rest_route=%2Fwp%2Fv2%2Fcomments&post=25523"}],"version-history":[{"count":0,"href":"https:\/\/revistazetta.com\/index.php?rest_route=\/wp\/v2\/posts\/25523\/revisions"}],"wp:featuredmedia":[{"embeddable":true,"href":"https:\/\/revistazetta.com\/index.php?rest_route=\/wp\/v2\/media\/25524"}],"wp:attachment":[{"href":"https:\/\/revistazetta.com\/index.php?rest_route=%2Fwp%2Fv2%2Fmedia&parent=25523"}],"wp:term":[{"taxonomy":"category","embeddable":true,"href":"https:\/\/revistazetta.com\/index.php?rest_route=%2Fwp%2Fv2%2Fcategories&post=25523"},{"taxonomy":"post_tag","embeddable":true,"href":"https:\/\/revistazetta.com\/index.php?rest_route=%2Fwp%2Fv2%2Ftags&post=25523"}],"curies":[{"name":"wp","href":"https:\/\/api.w.org\/{rel}","templated":true}]}}