{"id":25529,"date":"2018-04-10T00:03:28","date_gmt":"2018-04-10T05:03:28","guid":{"rendered":"http:\/\/www.revistazetta.com\/?p=25529"},"modified":"2018-04-10T00:18:21","modified_gmt":"2018-04-10T05:18:21","slug":"ninez-turbana-disfruta-nuevo-centro-desarrollo-infantil","status":"publish","type":"post","link":"https:\/\/revistazetta.com\/?p=25529","title":{"rendered":"Ni\u00f1ez de Turbana disfruta nuevo Centro de Desarrollo Infantil"},"content":{"rendered":"<p><img loading=\"lazy\" decoding=\"async\" class=\"alignright size-medium wp-image-25531\" src=\"https:\/\/www.revistazetta.com\/wp-content\/uploads\/2018\/04\/CDI-Turbana-2-300x200.jpg\" alt=\"\" width=\"300\" height=\"200\" srcset=\"https:\/\/revistazetta.com\/wp-content\/uploads\/2018\/04\/CDI-Turbana-2-300x200.jpg 300w, https:\/\/revistazetta.com\/wp-content\/uploads\/2018\/04\/CDI-Turbana-2.jpg 1024w, https:\/\/revistazetta.com\/wp-content\/uploads\/2018\/04\/CDI-Turbana-2-219x146.jpg 219w, https:\/\/revistazetta.com\/wp-content\/uploads\/2018\/04\/CDI-Turbana-2-50x33.jpg 50w, https:\/\/revistazetta.com\/wp-content\/uploads\/2018\/04\/CDI-Turbana-2-113x75.jpg 113w\" sizes=\"auto, (max-width: 300px) 100vw, 300px\" \/>Para la comunidad turbanera, la apertura del Centro de Desarrollo Infantil \u201cMis primeros pasos\u201d es darle la importancia que la ni\u00f1ez merece, con espacios dignos, c\u00f3modos, y de amplia cobertura.<\/p>\n<p>El gobernador Dumek Turbay entreg\u00f3 la obra,que beneficiar\u00e1 inicalmente a 100 ni\u00f1os y ni\u00f1as del municipio. \u201cHicimos un gran esfuerzo para recuperar esta obra fallida y abandonada desde el 2009\u201d, asegur\u00f3 el gobernante.<\/p>\n<p>Con este CDI, la Gobernaci\u00f3n de Bol\u00edvar ampl\u00eda la cobertura de atenci\u00f3n integral para ni\u00f1os y ni\u00f1as de 2 a 5 a\u00f1os del municipio de Turbana, con espacios dotados para su aprendizaje y desarrollo en entornos protectores que estimulan un crecimiento sano.<\/p>\n<p>Al ver el el antes y el ahora del CDI que empiezan a disfrutar los ni\u00f1os de Turbana, se puede apreciar una impresionante transformaci\u00f3n. \u201c\u00a1Qu\u00e9 alegr\u00eda, un nuevo regalo para la ni\u00f1ez turbanera!\u201d, exclam\u00f3 el gobernador.<\/p>\n<p>\u201cCuando conoc\u00ed el estado en el que se encontraba el Centro de Desarrollo Infantil no pod\u00eda creer que una obra tan importante para la ni\u00f1ez se perdiera. Estamos haciendo una gran inversi\u00f3n en 22 CDI m\u00e1s en todo el departamento. \u00a1Nuestros ni\u00f1os felices son nuestra prioridad!\u201d, indic\u00f3.<\/p>\n<p><strong>\u00a0<img loading=\"lazy\" decoding=\"async\" class=\"alignright size-medium wp-image-25534\" src=\"https:\/\/www.revistazetta.com\/wp-content\/uploads\/2018\/04\/CDI-Turbana-5-300x300.jpg\" alt=\"\" width=\"300\" height=\"300\" srcset=\"https:\/\/revistazetta.com\/wp-content\/uploads\/2018\/04\/CDI-Turbana-5-300x300.jpg 300w, https:\/\/revistazetta.com\/wp-content\/uploads\/2018\/04\/CDI-Turbana-5-150x150.jpg 150w, https:\/\/revistazetta.com\/wp-content\/uploads\/2018\/04\/CDI-Turbana-5-146x146.jpg 146w, https:\/\/revistazetta.com\/wp-content\/uploads\/2018\/04\/CDI-Turbana-5-50x50.jpg 50w, https:\/\/revistazetta.com\/wp-content\/uploads\/2018\/04\/CDI-Turbana-5-75x75.jpg 75w, https:\/\/revistazetta.com\/wp-content\/uploads\/2018\/04\/CDI-Turbana-5-85x85.jpg 85w, https:\/\/revistazetta.com\/wp-content\/uploads\/2018\/04\/CDI-Turbana-5-80x80.jpg 80w, https:\/\/revistazetta.com\/wp-content\/uploads\/2018\/04\/CDI-Turbana-5.jpg 1024w\" sizes=\"auto, (max-width: 300px) 100vw, 300px\" \/><\/strong><\/p>\n<p><strong>Impactos del proyecto<\/strong><\/p>\n<p>Ampliaci\u00f3n de cobertura de atenci\u00f3n inicial a 100 ni\u00f1os del municipio de Turbana, lo que permite disminuir las tasas de desnutrici\u00f3n infantil y fortalecer el desarrollo de habilidades cognitivas, sociales y afectivas.<\/p>\n<p>Formacion y certificaci\u00f3n a 33 madres comunitarias y 12 madres modalidad Fami, pertenecientes a la asociaci\u00f3n prestadora de servicios Fundasalud, desde las dimensiones del ser, saber y saber hacer, con un acompa\u00f1amiento sicosocial, pedag\u00f3gico, de nutrici\u00f3n y salud.<\/p>\n<p>Vinculaci\u00f3n de 36 personas residentes en Turbana durante el proceso de adecuaci\u00f3n del CDI, lo que impacta positivamente en la econom\u00eda familiar y de la localidad.<\/p>\n<p>Generaci\u00f3n de oportunidades laborales con la apertura del nuevo Centro de Desarrollo Infantil, bajo la operaci\u00f3n del ICBF.<\/p>\n<p><img loading=\"lazy\" decoding=\"async\" class=\"alignright size-medium wp-image-25533\" src=\"https:\/\/www.revistazetta.com\/wp-content\/uploads\/2018\/04\/CDI-Turbana-4-300x300.jpg\" alt=\"\" width=\"300\" height=\"300\" srcset=\"https:\/\/revistazetta.com\/wp-content\/uploads\/2018\/04\/CDI-Turbana-4-300x300.jpg 300w, https:\/\/revistazetta.com\/wp-content\/uploads\/2018\/04\/CDI-Turbana-4-150x150.jpg 150w, https:\/\/revistazetta.com\/wp-content\/uploads\/2018\/04\/CDI-Turbana-4-146x146.jpg 146w, https:\/\/revistazetta.com\/wp-content\/uploads\/2018\/04\/CDI-Turbana-4-50x50.jpg 50w, https:\/\/revistazetta.com\/wp-content\/uploads\/2018\/04\/CDI-Turbana-4-75x75.jpg 75w, https:\/\/revistazetta.com\/wp-content\/uploads\/2018\/04\/CDI-Turbana-4-85x85.jpg 85w, https:\/\/revistazetta.com\/wp-content\/uploads\/2018\/04\/CDI-Turbana-4-80x80.jpg 80w, https:\/\/revistazetta.com\/wp-content\/uploads\/2018\/04\/CDI-Turbana-4.jpg 1024w\" sizes=\"auto, (max-width: 300px) 100vw, 300px\" \/> <img loading=\"lazy\" decoding=\"async\" class=\"alignright size-medium wp-image-25532\" src=\"https:\/\/www.revistazetta.com\/wp-content\/uploads\/2018\/04\/CDI-Turbana-3-300x300.jpg\" alt=\"\" width=\"300\" height=\"300\" srcset=\"https:\/\/revistazetta.com\/wp-content\/uploads\/2018\/04\/CDI-Turbana-3-300x300.jpg 300w, https:\/\/revistazetta.com\/wp-content\/uploads\/2018\/04\/CDI-Turbana-3-150x150.jpg 150w, https:\/\/revistazetta.com\/wp-content\/uploads\/2018\/04\/CDI-Turbana-3-146x146.jpg 146w, https:\/\/revistazetta.com\/wp-content\/uploads\/2018\/04\/CDI-Turbana-3-50x50.jpg 50w, https:\/\/revistazetta.com\/wp-content\/uploads\/2018\/04\/CDI-Turbana-3-75x75.jpg 75w, https:\/\/revistazetta.com\/wp-content\/uploads\/2018\/04\/CDI-Turbana-3-85x85.jpg 85w, https:\/\/revistazetta.com\/wp-content\/uploads\/2018\/04\/CDI-Turbana-3-80x80.jpg 80w, https:\/\/revistazetta.com\/wp-content\/uploads\/2018\/04\/CDI-Turbana-3.jpg 1024w\" sizes=\"auto, (max-width: 300px) 100vw, 300px\" \/><\/p>\n","protected":false},"excerpt":{"rendered":"<p>Para la comunidad turbanera, la apertura del Centro de Desarrollo Infantil \u201cMis primeros pasos\u201d es darle la importancia que la ni\u00f1ez merece, con espacios dignos, c\u00f3modos, y de amplia cobertura. El gobernador Dumek Turbay entreg\u00f3 la obra,que beneficiar\u00e1 inicalmente a 100 ni\u00f1os y ni\u00f1as del municipio. \u201cHicimos un gran esfuerzo para recuperar esta obra fallida y abandonada desde el 2009\u201d, asegur\u00f3 el gobernante. Con este CDI, la Gobernaci\u00f3n de Bol\u00edvar ampl\u00eda la cobertura de atenci\u00f3n integral para ni\u00f1os y ni\u00f1as de 2 a 5 a\u00f1os del municipio de Turbana, con&#8230; <\/p>\n","protected":false},"author":3,"featured_media":25530,"comment_status":"open","ping_status":"closed","sticky":false,"template":"","format":"standard","meta":{"footnotes":"","_links_to":"","_links_to_target":""},"categories":[80,75,83],"tags":[],"class_list":["post-25529","post","type-post","status-publish","format-standard","has-post-thumbnail","hentry","category-region","category-destacada","category-municipios"],"_links":{"self":[{"href":"https:\/\/revistazetta.com\/index.php?rest_route=\/wp\/v2\/posts\/25529","targetHints":{"allow":["GET"]}}],"collection":[{"href":"https:\/\/revistazetta.com\/index.php?rest_route=\/wp\/v2\/posts"}],"about":[{"href":"https:\/\/revistazetta.com\/index.php?rest_route=\/wp\/v2\/types\/post"}],"author":[{"embeddable":true,"href":"https:\/\/revistazetta.com\/index.php?rest_route=\/wp\/v2\/users\/3"}],"replies":[{"embeddable":true,"href":"https:\/\/revistazetta.com\/index.php?rest_route=%2Fwp%2Fv2%2Fcomments&post=25529"}],"version-history":[{"count":0,"href":"https:\/\/revistazetta.com\/index.php?rest_route=\/wp\/v2\/posts\/25529\/revisions"}],"wp:featuredmedia":[{"embeddable":true,"href":"https:\/\/revistazetta.com\/index.php?rest_route=\/wp\/v2\/media\/25530"}],"wp:attachment":[{"href":"https:\/\/revistazetta.com\/index.php?rest_route=%2Fwp%2Fv2%2Fmedia&parent=25529"}],"wp:term":[{"taxonomy":"category","embeddable":true,"href":"https:\/\/revistazetta.com\/index.php?rest_route=%2Fwp%2Fv2%2Fcategories&post=25529"},{"taxonomy":"post_tag","embeddable":true,"href":"https:\/\/revistazetta.com\/index.php?rest_route=%2Fwp%2Fv2%2Ftags&post=25529"}],"curies":[{"name":"wp","href":"https:\/\/api.w.org\/{rel}","templated":true}]}}