{"id":25536,"date":"2018-04-10T07:23:35","date_gmt":"2018-04-10T12:23:35","guid":{"rendered":"http:\/\/www.revistazetta.com\/?p=25536"},"modified":"2018-04-10T07:23:35","modified_gmt":"2018-04-10T12:23:35","slug":"pese-la-mala-del-procurador-quinto-acelera-campana","status":"publish","type":"post","link":"https:\/\/revistazetta.com\/?p=25536","title":{"rendered":"Pese a la \u201cmala\u201d del Procurador, Quinto acelera campa\u00f1a"},"content":{"rendered":"<p>El candidato a la Alcald\u00eda de Cartagena, Antonio Quinto Varela, acentu\u00f3 sus visitas a los barrios a modo de catarsis contra los dos dolores de cabeza que tiene por estos d\u00edas: el proceso para anular su inscripci\u00f3n en el Consejo Nacional Electoral, y la \u201cmala\u201d del Procurador, que tambi\u00e9n lo cree inhabilitado y ayer lo anunci\u00f3 a los cuatro vientos.<\/p>\n<p>El procurador Fernando Carrillo envi\u00f3 un agente especial al CNE para que se sume a la petici\u00f3n de revocar la inscripci\u00f3n de Quinto Guerra, por una presunta inhabilidad para aspirar en virtud de un contrato con el Ministerio de Vivienda. Mientras el accionante sostiene que Quinto entr\u00f3 con su contrato en los tiempos de veda previos a una campa\u00f1a a la Alcald\u00eda, el exconcejal ha dicho varias veces que no hay tal inhabilidad porque la medida no es la fecha final del contrato sino su fecha inicial.<\/p>\n<p>Mientras se dirime esta pugna jur\u00eddica con alt\u00edsimo trasfondo pol\u00edtico, Quinto Guerra sigue en campa\u00f1a, firme y sin vacilaciones.<\/p>\n<p>Con igual firmeza, el procurador sorprendi\u00f3 a todos este lunes cuando se presum\u00eda que hablar\u00eda de los l\u00edos de las licencias de construcci\u00f3n, del edificio Aquarela, o del turismo sexual con menores de edad. Carrillo presidi\u00f3 en Cartagena de Indias una audiencia p\u00fablica sobre explotaci\u00f3n sexual de menores en destinos tur\u00edsticos.<\/p>\n<p>Sin que nadie oliscara, Carrillo Fl\u00f3rez solt\u00f3 su bomba pol\u00edtica: espera que Quinto no sea candidato por estar inhabilitado.<\/p>\n<p>\u201cHemos designado a un agente especial de la Procuradur\u00eda General de la Naci\u00f3n para que intervenga ante el CNE por las dudas que tenemos en relaci\u00f3n a la candidatura de uno de los candidatos, dudas que tienen que ver con el estar incurso en una de las inhabilidades del art\u00edculo 95 de la Ley 617 del a\u00f1o 2000 que dice que no puede ser elegido ni como candidato, ni como alcalde aquella persona que haya intervenido con contratos en las organizaciones p\u00fablicas de cualquier nivel\u00bb, explic\u00f3 el procurador Carrillo.<\/p>\n<p>El jefe del Ministerio P\u00fablico solicit\u00f3 a la Gobernaci\u00f3n de Bol\u00edvar y al Ministerio de Vivienda, copia de los tres contratos que Guerra Varela tuvo con esas dos entidades en los \u00faltimos 2 a\u00f1os y tambi\u00e9n se le requiri\u00f3 a la Registradur\u00eda la copia del calendario electoral que se sigue en La Heroica previo a la jornada electoral at\u00edpica prevista para el 6 de mayo, para confrontar las fechas del calendario con la de los contratos.<\/p>\n<p>Aunque el Procurador no tiene facultades para inhabilitar a Quinto Guerra, s\u00ed es un contrapeso poderoso, pues tiene fuerza pol\u00edtica y medi\u00e1tica para incidir en la decisi\u00f3n que deber\u00e1n tomar los magistrados del Consejo Nacional Electoral.<\/p>\n<p>Para evidenciar que lo dicho por el procurador no detiene su proselitismo, la campa\u00f1a de Quinto Guerra emiti\u00f3 este comunicado:<\/p>\n<p><span style=\"color: #000080;\"><strong>Quinto inicia \u2018Di\u00e1logos 24\/7\u2019 en Olaya Herrera, sector La Arrocera<\/strong><\/span><\/p>\n<p><span style=\"color: #000080;\"><strong>Cartagena de Indias, abril 10 de 2018.<\/strong> L\u00edderes c\u00edvicos, ediles de la Localidad 2 y ciudadanos del com\u00fan acudieron a la casa de Clara Almanza, en Olaya Herrera, sector La Arrocera, a expresarle su apoyo incondicional al candidato a la Alcald\u00eda, Antonio Quinto Guerra Varela, quien por la tarde de ayer fue recibido por la comunidad del Alto Bosque en una entusiasta caminata.<\/span><\/p>\n<p><span style=\"color: #000080;\">\u201cAcud\u00ed a la invitaci\u00f3n de mi amiga Clara porque s\u00e9 que fue sincera y le naci\u00f3 del coraz\u00f3n. Vine a escuchar a los l\u00edderes de estos sectores y a mis amigos ediles que depositaron su confianza en esta campa\u00f1a a la Alcald\u00eda\u201d, dijo Quinto Guerra ante los dirigentes de la Localidad 2.<\/span><\/p>\n<p><span style=\"color: #000080;\">Mientras dialog\u00f3 con los asistentes a la reuni\u00f3n, quienes le contaron su preocupaci\u00f3n por la inseguridad y manifestaron los problemas por la falta de pavimentaci\u00f3n de algunas calles y la insalubridad que los afecta por la falta de limpieza a los canales, Nelcy Revolledo, interrumpi\u00f3 la reuni\u00f3n para pedirle a Dios le brindara protecci\u00f3n a Quinto.<\/span><\/p>\n<p><span style=\"color: #000080;\">\u201cMi comunidad est\u00e1 de sentido p\u00e9same porque no tiene quien la proteja. Por eso, le rezo a Dios y a todos sus arc\u00e1ngeles para que lo protejan y lo defiendan de los enemigos. Esta vez el pueblo quiere que sea Quinto Guerra nuestro pr\u00f3ximo alcalde. No nos importa que sea poquito tiempo, \u00e9l es quien debe llegar a la Alcald\u00eda porque \u00e9l es decente y s\u00ed tiene el coraz\u00f3n grande, dijo Revolledo.<\/span><\/p>\n<p><span style=\"color: #000080;\">Quinto Guerra\u00a0 durante la jornada denominada\u00a0 \u2018Dialogos <a style=\"color: #000080;\" href=\"https:\/\/maps.google.com\/?q=24\/7&amp;entry=gmail&amp;source=g\" target=\"_blank\" rel=\"noopener\">24\/7<\/a>\u2019 sostuvo una amena tertulia con los habitantes de los sector la Arrocera, la Puntilla y Rafael N\u00fa\u00f1ez; escuch\u00f3\u00a0 uno a uno las problem\u00e1ticas e inquietudes que le aquejan.<\/span><\/p>\n<p><span style=\"color: #000080;\">\u201cInici\u00f3 esta marat\u00f3nica jornada de di\u00e1logo continu\u00f3\u00a0 aqu\u00ed en el barrio Olaya Herrera y reitero mi compromiso social con este barrio y su gente. Todos queremos lo mejor para Cartagena por eso debemos conversar y escuchar problem\u00e1ticas para plantear las mejores soluciones\u201d, afirm\u00f3 Quinto Guerra.<\/span><\/p>\n<p><span style=\"color: #000080;\">Durante el di\u00e1logo intervinieron los ediles de la localidad 2: Jos\u00e9 Cuero, Jos\u00e9 Luis Barboza, Pedro Aponte y Germ\u00e1n Polo, quienes advirtieron que conf\u00edan en las propuestas de la campa\u00f1a del \u00a1Ganamos Todos! <\/span><\/p>\n<p><span style=\"color: #000080;\">\u201cAgradecemos en nombre de todos los comunales que tenga en cuenta esa pol\u00edtica p\u00fablica presupuestal participativa. Esta es la localidad m\u00e1s insegura y queremos que eso cambie y sabemos que con usted as\u00ed va a ser\u201d expres\u00f3 Jos\u00e9 Cuero, Edil localidad 2.<\/span><\/p>\n<p><span style=\"color: #000080;\">Por su parte, Clara Almanza, indic\u00f3 que esa comunidad respalda a Quinto Guerra porque saben que en el pr\u00f3ximo a\u00f1o y medio Cartagena tendr\u00e1 la autoridad que necesita.<\/span><\/p>\n<p><span style=\"color: #000080;\"><strong>Masiva caminata por Alto Bosque<\/strong><\/span><\/p>\n<p><span style=\"color: #000080;\">En las horas de la tarde de ayer,\u00a0 Antonio Quinto Guerra, recorri\u00f3 las calles del barrio Alto Bosque saludando a los vecinos del sector y dando a conocer sus propuestas en materia de seguridad.<\/span><\/p>\n<p><span style=\"color: #000080;\">\u201cGracias a mi amiga Leonor Rosales por su entusiasmo y sentido de pertenencia con nuestro proyecto Ganamos Todos. Qu\u00e9 orgullo que cada d\u00eda m\u00e1s cartageneros se identifiquen y nos demuestren tanto compromiso y afecto\u201d, dijo Guerra Varela durante la caminata.<\/span><\/p>\n<p><span style=\"color: #000080;\">\u201cEn cada barrio que visito siento el amor de Dios. En esta ocasi\u00f3n, desde el Alto Bosque, Rafaela Estrada me regal\u00f3 su bendici\u00f3n para que logremos salir\u00a0 victoriosos este 6 de mayo con la ayuda del Todopoderoso\u201d, concluy\u00f3.<\/span><\/p>\n","protected":false},"excerpt":{"rendered":"<p>El candidato a la Alcald\u00eda de Cartagena, Antonio Quinto Varela, acentu\u00f3 sus visitas a los barrios a modo de catarsis contra los dos dolores de cabeza que tiene por estos d\u00edas: el proceso para anular su inscripci\u00f3n en el Consejo Nacional Electoral, y la \u201cmala\u201d del Procurador, que tambi\u00e9n lo cree inhabilitado y ayer lo anunci\u00f3 a los cuatro vientos. El procurador Fernando Carrillo envi\u00f3 un agente especial al CNE para que se sume a la petici\u00f3n de revocar la inscripci\u00f3n de Quinto Guerra, por una presunta inhabilidad para aspirar&#8230; <\/p>\n","protected":false},"author":3,"featured_media":25537,"comment_status":"open","ping_status":"closed","sticky":false,"template":"","format":"standard","meta":{"footnotes":"","_links_to":"","_links_to_target":""},"categories":[75,4],"tags":[],"class_list":["post-25536","post","type-post","status-publish","format-standard","has-post-thumbnail","hentry","category-destacada","category-politica"],"_links":{"self":[{"href":"https:\/\/revistazetta.com\/index.php?rest_route=\/wp\/v2\/posts\/25536","targetHints":{"allow":["GET"]}}],"collection":[{"href":"https:\/\/revistazetta.com\/index.php?rest_route=\/wp\/v2\/posts"}],"about":[{"href":"https:\/\/revistazetta.com\/index.php?rest_route=\/wp\/v2\/types\/post"}],"author":[{"embeddable":true,"href":"https:\/\/revistazetta.com\/index.php?rest_route=\/wp\/v2\/users\/3"}],"replies":[{"embeddable":true,"href":"https:\/\/revistazetta.com\/index.php?rest_route=%2Fwp%2Fv2%2Fcomments&post=25536"}],"version-history":[{"count":0,"href":"https:\/\/revistazetta.com\/index.php?rest_route=\/wp\/v2\/posts\/25536\/revisions"}],"wp:featuredmedia":[{"embeddable":true,"href":"https:\/\/revistazetta.com\/index.php?rest_route=\/wp\/v2\/media\/25537"}],"wp:attachment":[{"href":"https:\/\/revistazetta.com\/index.php?rest_route=%2Fwp%2Fv2%2Fmedia&parent=25536"}],"wp:term":[{"taxonomy":"category","embeddable":true,"href":"https:\/\/revistazetta.com\/index.php?rest_route=%2Fwp%2Fv2%2Fcategories&post=25536"},{"taxonomy":"post_tag","embeddable":true,"href":"https:\/\/revistazetta.com\/index.php?rest_route=%2Fwp%2Fv2%2Ftags&post=25536"}],"curies":[{"name":"wp","href":"https:\/\/api.w.org\/{rel}","templated":true}]}}