{"id":25539,"date":"2018-04-10T07:25:21","date_gmt":"2018-04-10T12:25:21","guid":{"rendered":"http:\/\/www.revistazetta.com\/?p=25539"},"modified":"2018-04-10T07:25:21","modified_gmt":"2018-04-10T12:25:21","slug":"la-tormenta-quinto-guerra-analisis-john-zamora","status":"publish","type":"post","link":"https:\/\/revistazetta.com\/?p=25539","title":{"rendered":"La tormenta de Quinto Guerra \u2013 An\u00e1lisis de John Zamora"},"content":{"rendered":"<p><span style=\"color: #000080;\"><strong>Por John Zamora (Director Revista Zetta).-<\/strong><\/span> Uno de los m\u00e1s f\u00e9rreos aliados de hoy de Quinto Guerra fue uno de sus m\u00e1s ac\u00e9rrimos oponentes hace tres a\u00f1os. En esas calendas, el exsenador William Montes pronostic\u00f3 que aquel jam\u00e1s ser\u00eda alcalde de Cartagena.<\/p>\n<p>Esa premonici\u00f3n es la que ahora se repite en su contra, pero esta vez entonada por sus adversarios de coyuntura, por medios bogotanos y por un nuevo pero pesad\u00edsimo oponente: el mism\u00edsimo Procurador General de la Naci\u00f3n, Fernando Carrillo Fl\u00f3rez.<\/p>\n<p>No quieren siquiera que sea candidato, y piden a gritos la anulaci\u00f3n de su inscripci\u00f3n ante el Consejo Nacional Electoral.<\/p>\n<p>En t\u00e9rminos pol\u00edticos, a Quinto le est\u00e1 tocando bailar con la m\u00e1s fea en esta campa\u00f1a, pues la presunta inhabilidad se ha convertido en su espada de Damocles.<\/p>\n<p>Ese se\u00f1alamiento genera desconfianza: \u201c\u00bfY si pierdo mi voto?\u201d Bien sabido que muchos se montan en los buses de la victoria, y si el triunfo se nubla, se alejan los votantes.<\/p>\n<p>No obstante, un sector de la clase empresarial, primero, y la clase pol\u00edtica luego, se ha mantenido firme en torno a su nombre. Recordemos la carta que firmaron el fallecido Alberto Ara\u00fajo Merlano, Rodolfo Segovia y otros influyentes empresarios pidi\u00e9ndole que aspirara; recordemos tambi\u00e9n los apoyos de todos los representantes a la C\u00e1mara, actuales y entrantes: Pedrito Pereira, Marta Curi, Alonso del R\u00edo, Karen Cure, Hernando Padau\u00ed, Silvio Carrasquilla, Emeterio Montes y Yamil Arana; recordemos tambi\u00e9n los poderosos senadores que lo respaldan: Lidio Garc\u00eda Turbay, Andr\u00e9s Garc\u00eda Zuccardi, Nadia Blel Scaff.<\/p>\n<p>Si Quinto le suma al apoyo empresarial y pol\u00edtico un alto componente de pueblo, le salen las cuentas para ser alcalde, pero los c\u00e1lculos se desploman si prospera la famosa inhabilidad.<\/p>\n<p>Por ahora, mientras arrecia el ataque del Procurador, medios bogotanos y contraparte jur\u00eddica, Quinto podr\u00eda capitalizar dividendos de la misma manera que sucedi\u00f3 hace tres a\u00f1os con Manolo, cuando le negaron miles de firmas que imped\u00edan que siguiera en la contienda: ahora es v\u00edctima.<\/p>\n<p>Una vez victimizado, y mientras se resuelve lo jur\u00eddico, Quinto podr\u00eda desplegar una estrategia de crisis para convertir en favorable esta tormenta.<\/p>\n<p>En lo jur\u00eddico, tiene mucha tela de d\u00f3nde cortar. Por ejemplo:<\/p>\n<ol>\n<li>\u00bfTiene competencia el Procurador para instar la nulidad de la inscripci\u00f3n?<\/li>\n<li>\u00bfAcaso hay usurpaci\u00f3n de funciones del C.N.E.?<\/li>\n<li>\u00bfNo ser\u00e1 una presi\u00f3n indebida y coacci\u00f3n sobre el organismo competente?<\/li>\n<li>\u00bfSu intromisi\u00f3n antes del pronunciamiento del CNE no puede ser intento de sustituci\u00f3n de la institucionalidad?<\/li>\n<li>\u00bfIncurri\u00f3 el Procurador en prejuzgamiento, pues anunci\u00f3 su decisi\u00f3n a pesar de reconocer que no tiene las pruebas, que apenas est\u00e1 solicitando?<\/li>\n<\/ol>\n<p>A pesar de estas especulativas consideraciones, la realidad institucional de la ciudad supera las esferas jur\u00eddicas, y exige que quien sea el alcalde llegue libre de sombras.<\/p>\n<p>El Consejo Nacional Electoral debe pronunciarse con total claridad: si Quinto est\u00e1 inhabilitado, se abre una nueva realidad pol\u00edtica, donde no se sabe qu\u00e9 camino tomar\u00e1n los actuales apoyos pol\u00edticos. Si no lo est\u00e1, continuar\u00e1 su carrera hacia la Aduana.<\/p>\n<p>Lo importante es la certeza jur\u00eddica, y en eso tiene raz\u00f3n el procurador: \u201cNo puede haber una sola mancha de duda sobre las condiciones y las habilidades de los candidatos para aspirar a la Alcald\u00eda de Cartagena, de otro modo, estar\u00edamos atentando contra la seguridad jur\u00eddica y contra la igualdad\u201d.<\/p>\n<p>Esta tempestad pone a prueba la solidez pol\u00edtica y jur\u00eddica de la campa\u00f1a de Quinto Guerra, quien tendr\u00e1 que sacar todo su talante y repertorio para no naufragar en las tormentosas aguas de una inhabilidad.<\/p>\n<p>&nbsp;<\/p>\n","protected":false},"excerpt":{"rendered":"<p>Por John Zamora (Director Revista Zetta).- Uno de los m\u00e1s f\u00e9rreos aliados de hoy de Quinto Guerra fue uno de sus m\u00e1s ac\u00e9rrimos oponentes hace tres a\u00f1os. En esas calendas, el exsenador William Montes pronostic\u00f3 que aquel jam\u00e1s ser\u00eda alcalde de Cartagena. Esa premonici\u00f3n es la que ahora se repite en su contra, pero esta vez entonada por sus adversarios de coyuntura, por medios bogotanos y por un nuevo pero pesad\u00edsimo oponente: el mism\u00edsimo Procurador General de la Naci\u00f3n, Fernando Carrillo Fl\u00f3rez. No quieren siquiera que sea candidato, y piden&#8230; <\/p>\n","protected":false},"author":3,"featured_media":25538,"comment_status":"open","ping_status":"closed","sticky":false,"template":"","format":"standard","meta":{"footnotes":"","_links_to":"","_links_to_target":""},"categories":[75,66,44],"tags":[],"class_list":["post-25539","post","type-post","status-publish","format-standard","has-post-thumbnail","hentry","category-destacada","category-analisis","category-materiagris"],"_links":{"self":[{"href":"https:\/\/revistazetta.com\/index.php?rest_route=\/wp\/v2\/posts\/25539","targetHints":{"allow":["GET"]}}],"collection":[{"href":"https:\/\/revistazetta.com\/index.php?rest_route=\/wp\/v2\/posts"}],"about":[{"href":"https:\/\/revistazetta.com\/index.php?rest_route=\/wp\/v2\/types\/post"}],"author":[{"embeddable":true,"href":"https:\/\/revistazetta.com\/index.php?rest_route=\/wp\/v2\/users\/3"}],"replies":[{"embeddable":true,"href":"https:\/\/revistazetta.com\/index.php?rest_route=%2Fwp%2Fv2%2Fcomments&post=25539"}],"version-history":[{"count":0,"href":"https:\/\/revistazetta.com\/index.php?rest_route=\/wp\/v2\/posts\/25539\/revisions"}],"wp:featuredmedia":[{"embeddable":true,"href":"https:\/\/revistazetta.com\/index.php?rest_route=\/wp\/v2\/media\/25538"}],"wp:attachment":[{"href":"https:\/\/revistazetta.com\/index.php?rest_route=%2Fwp%2Fv2%2Fmedia&parent=25539"}],"wp:term":[{"taxonomy":"category","embeddable":true,"href":"https:\/\/revistazetta.com\/index.php?rest_route=%2Fwp%2Fv2%2Fcategories&post=25539"},{"taxonomy":"post_tag","embeddable":true,"href":"https:\/\/revistazetta.com\/index.php?rest_route=%2Fwp%2Fv2%2Ftags&post=25539"}],"curies":[{"name":"wp","href":"https:\/\/api.w.org\/{rel}","templated":true}]}}