{"id":25550,"date":"2018-04-11T06:27:00","date_gmt":"2018-04-11T11:27:00","guid":{"rendered":"http:\/\/www.revistazetta.com\/?p=25550"},"modified":"2018-04-11T06:27:00","modified_gmt":"2018-04-11T11:27:00","slug":"chawala-los-reynaldistas-se-suman-quinto-guerra","status":"publish","type":"post","link":"https:\/\/revistazetta.com\/?p=25550","title":{"rendered":"Chawala y\u00a0los Reynaldistas se suman a Quinto Guerra"},"content":{"rendered":"<blockquote><p><em><strong><u>Exitosa segunda jornada de \u2018Di\u00e1logos 24\/7\u2019 en El Socorro<\/u><\/strong><\/em><\/p><\/blockquote>\n<p>Mientras se realizaba, con una nutrida participaci\u00f3n de la comunidad de El Socorro y barrios vecinos, la segunda jornada \u2018Di\u00e1logos 24\/7\u2019 liderada por Antonio Quinto Guerra Varela, candidato a la Alcald\u00eda, Noraldo Iriarte, m\u00e1s conocido como \u201cChawala\u201d lleg\u00f3 a ofrecerle su respaldo y el de los reynaldistas.<\/p>\n<p>Acompa\u00f1ado de su amigo, el abogado Mois\u00e9s Ariza, Chawala se puso la camiseta de la campa\u00f1a del \u00a1Ganamos Todos! Y asegur\u00f3 que \u201cQuinto ser\u00e1 el alcalde de Cartagena porque su propuesta le apuesta a la cultura. Por eso, le aseguro que los seguidores del \u2018Rey de Rocha\u2019 lo apoyar\u00e1n.<\/p>\n<p>\u201cAgradezco a mi amigo Carlos Cabrera, destacado dirigente de la ciudad por permitirme llegar al Plan 554 a di\u00e1logar con las fuerzas vivas de este sector. Me siento yo muy feliz de estar aqu\u00ed escuchando todas sus inquietudes que fortalecen mi proyecto\u201d, dijo Quinto Guerra.<\/p>\n<p>Adem\u00e1s, Quinto Guerra agreg\u00f3: \u201cEsta noche me llena de alegr\u00eda manifestar nuevas \u00a0adhesiones importantes que acabamos de recibir \u00a0en nuestra campa\u00f1a. Entre ellas, Chawala, hombre que ha promocionado la cultura y el g\u00e9nero de la champeta, se ha puesto la camiseta del \u00a1Ganamos Todos!, Mois\u00e9s Ariza, asesor jur\u00eddico y Dagoberto Mac\u00edas, m\u00e9dico y ex edil de la Localidad 1\u201d.<\/p>\n<p>Hasta El Socorro tambi\u00e9n lleg\u00f3 el destacado acordeonista cartagenero, Manuel Vega, quien ha ocupado segundo y tercer puesto en el Festival de la Leyenda Vallenata y ha resultado ganador en numerosos festivales de ese g\u00e9nero en el pa\u00eds, asegur\u00f3 que respaldaba a Quinto porque sabe que los artistas ser\u00e1n tenidos en cuenta. \u201cYo conozco bien a este hombre y por eso los invito a que lo apoyen\u201d, dijo.<\/p>\n<p>En la reuni\u00f3n particip\u00f3 el dirigente y ex aspirante a la Alcald\u00eda Gustavo Mart\u00ednez a respaldar la jornada Di\u00e1logos 24\/7 que seguir\u00e1 realiz\u00e1ndose en toda la ciudad.<\/p>\n<p><strong>Preguntas y respuestas<\/strong><\/p>\n<p>Antonio Quinto Guerra habl\u00f3 de \u00a0sus propuestas de seguridad, competitividad y fortalecimiento de las bases c\u00edvicas a los habitantes del sector.<\/p>\n<p>Durante la exitosa jornada, los habitantes del sector tuvieron la oportunidad de conocer m\u00e1s de cerca al candidato y resolver inquietudes de ciudad. El candidato le respondi\u00f3 a la joven estudiante Wendy \u00a0Barrios su pregunta sobre las tarifas de transporte p\u00fablico para estudiantes.<\/p>\n<p>\u201cMi preocupaci\u00f3n no solo es por el elevado valor del transporte p\u00fablico, lo cual es el reflejo de pol\u00edticas econ\u00f3micas macro del orden nacional y efectos colaterales a la inflaci\u00f3n. Sin embargo, nuestro gobierno tendr\u00e1 una tarifa especial para estudiantes que usen Transcribe. De esta manera motivamos el impacto econ\u00f3mico generalizado\u201d respondi\u00f3 Quinto Guerra.<\/p>\n<p>Por su parte Carlos Cabrera \u00a0dijo: \u201cQuinto Guerra en El Socorro juegas de local. Este es un proyecto ganador porque est\u00e1 de la mano de dios. Hemos hablado con los comunales y todos tienen la certeza de que Quinto Guerra es el hombre que promueve la inclusi\u00f3n de los l\u00edderes con el gobierno local\u201d.<\/p>\n<p>La jornada que se inici\u00f3 a las ocho de la noche y culmin\u00f3 pasada la una de la madrugada permiti\u00f3 a los habitantes de la zona manifestarle sus inquietudes. \u201cSer\u00e1n tenidos en cuenta como cartageneros en la administraci\u00f3n del \u00a1Ganamos Todos!\u201d, puntualiz\u00f3.<\/p>\n","protected":false},"excerpt":{"rendered":"<p>Exitosa segunda jornada de \u2018Di\u00e1logos 24\/7\u2019 en El Socorro Mientras se realizaba, con una nutrida participaci\u00f3n de la comunidad de El Socorro y barrios vecinos, la segunda jornada \u2018Di\u00e1logos 24\/7\u2019 liderada por Antonio Quinto Guerra Varela, candidato a la Alcald\u00eda, Noraldo Iriarte, m\u00e1s conocido como \u201cChawala\u201d lleg\u00f3 a ofrecerle su respaldo y el de los reynaldistas. Acompa\u00f1ado de su amigo, el abogado Mois\u00e9s Ariza, Chawala se puso la camiseta de la campa\u00f1a del \u00a1Ganamos Todos! Y asegur\u00f3 que \u201cQuinto ser\u00e1 el alcalde de Cartagena porque su propuesta le apuesta a&#8230; <\/p>\n","protected":false},"author":3,"featured_media":25551,"comment_status":"open","ping_status":"closed","sticky":false,"template":"","format":"standard","meta":{"footnotes":"","_links_to":"","_links_to_target":""},"categories":[75,4],"tags":[],"class_list":["post-25550","post","type-post","status-publish","format-standard","has-post-thumbnail","hentry","category-destacada","category-politica"],"_links":{"self":[{"href":"https:\/\/revistazetta.com\/index.php?rest_route=\/wp\/v2\/posts\/25550","targetHints":{"allow":["GET"]}}],"collection":[{"href":"https:\/\/revistazetta.com\/index.php?rest_route=\/wp\/v2\/posts"}],"about":[{"href":"https:\/\/revistazetta.com\/index.php?rest_route=\/wp\/v2\/types\/post"}],"author":[{"embeddable":true,"href":"https:\/\/revistazetta.com\/index.php?rest_route=\/wp\/v2\/users\/3"}],"replies":[{"embeddable":true,"href":"https:\/\/revistazetta.com\/index.php?rest_route=%2Fwp%2Fv2%2Fcomments&post=25550"}],"version-history":[{"count":0,"href":"https:\/\/revistazetta.com\/index.php?rest_route=\/wp\/v2\/posts\/25550\/revisions"}],"wp:featuredmedia":[{"embeddable":true,"href":"https:\/\/revistazetta.com\/index.php?rest_route=\/wp\/v2\/media\/25551"}],"wp:attachment":[{"href":"https:\/\/revistazetta.com\/index.php?rest_route=%2Fwp%2Fv2%2Fmedia&parent=25550"}],"wp:term":[{"taxonomy":"category","embeddable":true,"href":"https:\/\/revistazetta.com\/index.php?rest_route=%2Fwp%2Fv2%2Fcategories&post=25550"},{"taxonomy":"post_tag","embeddable":true,"href":"https:\/\/revistazetta.com\/index.php?rest_route=%2Fwp%2Fv2%2Ftags&post=25550"}],"curies":[{"name":"wp","href":"https:\/\/api.w.org\/{rel}","templated":true}]}}