{"id":25559,"date":"2018-04-11T07:09:27","date_gmt":"2018-04-11T12:09:27","guid":{"rendered":"http:\/\/www.revistazetta.com\/?p=25559"},"modified":"2018-04-11T07:09:27","modified_gmt":"2018-04-11T12:09:27","slug":"persisten-dudas-concejo-proteccion-costera","status":"publish","type":"post","link":"https:\/\/revistazetta.com\/?p=25559","title":{"rendered":"Persisten dudas en el Concejo por Protecci\u00f3n Costera"},"content":{"rendered":"<div dir=\"auto\">A pesar de las intervenciones de algunos funcionarios del gabinete Distrital, quienes explicaron los alcances del macro proyecto de Protecci\u00f3n Costera en Cartagena, los concejales de la ciudad manifestaron que a\u00fan persisten dudas sobre la ejecuci\u00f3n del mismo, sobre el plan especial para los vendedores ambulantes, y\u00a0 la supuesta declaratoria de calamidad p\u00fablica que se realizar\u00eda.<\/div>\n<div dir=\"auto\"><\/div>\n<div dir=\"auto\">Rodrigo Reyes Pereira, Javier Curi Osorio y Vicente Blel Scaff explicaron que el debate de control pol\u00edtico se realiz\u00f3 con el objetivo de abordar las Proposiciones 002, 009, y 022 de 2018, por medio de las cuales se pretend\u00eda dar respuesta a distintas inquietudes relacionadas con uno de los proyectos m\u00e1s importantes de la ciudad, como lo es la protecci\u00f3n costera, que tendr\u00e1 una intervenci\u00f3n de 7 kil\u00f3metros de playa entre Bocagrande y Crespo.<\/div>\n<div dir=\"auto\"><\/div>\n<div dir=\"auto\">Reyes Pereira hizo referencia a la duda que a\u00fan persiste ente los cabildantes y los ciudadanos, sobre una de las respuestas dadas por el secretario de Planeaci\u00f3n, Irving P\u00e9rez, donde se afirma que la ejecuci\u00f3n de la obra estar\u00eda a cargo de la Oficina Nacional de Riesgos.<\/div>\n<div dir=\"auto\"><\/div>\n<div dir=\"auto\">A su vez, su colega Curi Osorio se mostr\u00f3 inconforme con las respuestas dadas por Carlos Carmona, director de Valorizaci\u00f3n Distrital, sobre los planes sociales que se tienen previstos para beneficiar a los vendedores ambulantes que laboran en las playas, dentro de los cuales se han establecido las compensaciones en especie o en dinero para los mismos.<\/div>\n<div dir=\"auto\"><\/div>\n<div dir=\"auto\">Tambi\u00e9n asegur\u00f3 que \u201chay que fortalecer la institucionalidad con una clara definici\u00f3n de competencias y coordinaciones en las diferentes entidades porque eso es lo que amerita el tema de la protecci\u00f3n costera\u201d.<\/div>\n<div dir=\"auto\"><\/div>\n<div dir=\"auto\">El concejal C\u00e9sar Pi\u00f3n Gonz\u00e1lez enfoc\u00f3 su intervenci\u00f3n en la poblaci\u00f3n m\u00e1s afectada en este momento con el proyecto, que es el gremio de trabajadores informales: \u201cUna debilidad que tenemos como Distrito, es que siempre que hay un proyecto, ah\u00ed est\u00e1n los que sufren. Y \u00bfpor qu\u00e9 sufren? Porque nosotros todav\u00eda no nos hemos puesto de acuerdo, porque las competencias que tenemos a nivel Distrital nadie sabe qui\u00e9n las cumple, y finalmente nadie sabe qui\u00e9n las hace\u201d.<\/div>\n<div dir=\"auto\"><\/div>\n<div dir=\"auto\">Respuestas de los funcionarios del Distrito<\/div>\n<div dir=\"auto\"><\/div>\n<div dir=\"auto\">Carlos Carmona, director de Valorizaci\u00f3n Distrital, fue el primero en intervenir, y aclar\u00f3 que esta oficina tiene la responsabilidad de llevar el programa de inversi\u00f3n del macro proyecto de Protecci\u00f3n Costera. Y que dentro del mismo, se tiene previsto la construcci\u00f3n de 10 espolones sobre los 7 kil\u00f3metros de costa que se intervendr\u00e1n; mejoras en las playas, establecimiento de 3 rompe olas, construcci\u00f3n de una escollera longitudinal, y un relleno artificial en las playas alrededor de 80 metros.<\/div>\n<div dir=\"auto\"><\/div>\n<div dir=\"auto\">Agreg\u00f3 adem\u00e1s, que se han realizado 4 mesas de trabajo con distintos actores sociales, y varios censos a los vendedores informales. Y en cuanto al costo del proyecto, afirm\u00f3 que son 160 mil millones de pesos en total, de los cuales, 60 mil millones son de un cr\u00e9dito p\u00fablico aprobado por el Distrito, y el restante, ser\u00e1 dado por el gobierno Distrital.<\/div>\n<div dir=\"auto\"><\/div>\n<div dir=\"auto\">La secretaria de Hacienda, Sibila Carre\u00f1o, explic\u00f3 que los recursos para la protecci\u00f3n costera se tramitan ante el Departamento Nacional de Planeaci\u00f3n (DNP) y el Gobierno nacional. \u201cEl cr\u00e9dito aprobado por el Distrito fue de 112 mil millones, de ellos, son 60 mil millones para protecci\u00f3n costera. Despu\u00e9s de las ofertas de los bancos, fueron escogidos Bancolombia y BBVA por tener menor tasa de inter\u00e9s\u201d, dijo.<\/div>\n<div dir=\"auto\"><\/div>\n<div dir=\"auto\">As\u00ed mismo, el secretario de Planeaci\u00f3n, Irving P\u00e9rez, argument\u00f3 que a\u00fan no se ha decretado una calamidad p\u00fablica sino que se ha dicho que hay riesgo inminente en esas zonas de playas.<\/div>\n<div dir=\"auto\"><\/div>\n<div dir=\"auto\">Por su parte, Clara Calder\u00f3n, secretaria de Infraestructura, se refiri\u00f3 al proyecto de estabilizaci\u00f3n y recuperaci\u00f3n de un sector de la l\u00ednea de la costa de la isla de Tierra Bomba, el cual va en un 41%, y del que se beneficiar\u00e1n m\u00e1s de 6 mil habitantes de la zona.<\/div>\n<div dir=\"auto\"><\/div>\n<div dir=\"auto\">Participaci\u00f3n de los ciudadanos<\/div>\n<div dir=\"auto\"><\/div>\n<div dir=\"auto\">La plenaria se declar\u00f3 en sesi\u00f3n informal permitiendo as\u00ed la participaci\u00f3n de algunos representantes de las asociaciones de vendedores ambulantes de las playas, quienes tuvieron la oportunidad de expresar por segunda vez en la Corporaci\u00f3n su preocupaci\u00f3n por quedar sin trabajo una vez se desarrolle el proyecto.<\/div>\n<div dir=\"auto\"><\/div>\n<div dir=\"auto\">Enrique Cabarcas, de la Asociaci\u00f3n Cartagena Vallenata, Guillermo de Orta, representante de la Asociaci\u00f3n de Carperos y Salvavidas, y Yamil Casarubia,\u00a0 representante de los vendedores de raspaos, solicitaron garant\u00edas para su estabilidad laboral durante y despu\u00e9s de finalizado el proyecto.<\/div>\n<div dir=\"auto\"><\/div>\n<div dir=\"auto\">Por tal motivo, pidieron la elaboraci\u00f3n de un documento formal que les asegure que volver\u00e1n a su sitio de trabajo.<\/div>\n<div dir=\"auto\"><\/div>\n<div dir=\"auto\">La Coordinadora de Asuntos Pol\u00edticos y del Observatorio del Concejo de Cartagena, de Funcicar, Alejandra L\u00f3pez, particip\u00f3 para manifestar las preocupaciones con relaci\u00f3n a la declaratoria de calamidad p\u00fablica que se est\u00e1 gestionando en la oficina Nacional de Riesgo.<\/div>\n<div dir=\"auto\"><\/div>\n<div dir=\"auto\">\u201cEn la Ley 1523 de 2012 se determina que la calamidad p\u00fablica debe tener en cuenta, por ejemplo, los bienes jur\u00eddicos de las personas en peligro o que han sufrido da\u00f1o, y entre estos bienes se destacan las p\u00e9rdidas de la integridad personal, la vida, la familia. Nos preguntamos: \u00bfCuenta el Distrito con un informe t\u00e9cnico y f\u00e1ctico que d\u00e9 cuenta de tales p\u00e9rdidas?. Si es as\u00ed, creemos que debe ser de p\u00fablico conocimiento\u201d, coment\u00f3 L\u00f3pez.<\/div>\n","protected":false},"excerpt":{"rendered":"<p>A pesar de las intervenciones de algunos funcionarios del gabinete Distrital, quienes explicaron los alcances del macro proyecto de Protecci\u00f3n Costera en Cartagena, los concejales de la ciudad manifestaron que a\u00fan persisten dudas sobre la ejecuci\u00f3n del mismo, sobre el plan especial para los vendedores ambulantes, y\u00a0 la supuesta declaratoria de calamidad p\u00fablica que se realizar\u00eda. Rodrigo Reyes Pereira, Javier Curi Osorio y Vicente Blel Scaff explicaron que el debate de control pol\u00edtico se realiz\u00f3 con el objetivo de abordar las Proposiciones 002, 009, y 022 de 2018, por medio&#8230; <\/p>\n","protected":false},"author":3,"featured_media":25560,"comment_status":"open","ping_status":"closed","sticky":false,"template":"","format":"standard","meta":{"footnotes":"","_links_to":"","_links_to_target":""},"categories":[75,27,4],"tags":[],"class_list":["post-25559","post","type-post","status-publish","format-standard","has-post-thumbnail","hentry","category-destacada","category-politicaconcejo","category-politica"],"_links":{"self":[{"href":"https:\/\/revistazetta.com\/index.php?rest_route=\/wp\/v2\/posts\/25559","targetHints":{"allow":["GET"]}}],"collection":[{"href":"https:\/\/revistazetta.com\/index.php?rest_route=\/wp\/v2\/posts"}],"about":[{"href":"https:\/\/revistazetta.com\/index.php?rest_route=\/wp\/v2\/types\/post"}],"author":[{"embeddable":true,"href":"https:\/\/revistazetta.com\/index.php?rest_route=\/wp\/v2\/users\/3"}],"replies":[{"embeddable":true,"href":"https:\/\/revistazetta.com\/index.php?rest_route=%2Fwp%2Fv2%2Fcomments&post=25559"}],"version-history":[{"count":0,"href":"https:\/\/revistazetta.com\/index.php?rest_route=\/wp\/v2\/posts\/25559\/revisions"}],"wp:featuredmedia":[{"embeddable":true,"href":"https:\/\/revistazetta.com\/index.php?rest_route=\/wp\/v2\/media\/25560"}],"wp:attachment":[{"href":"https:\/\/revistazetta.com\/index.php?rest_route=%2Fwp%2Fv2%2Fmedia&parent=25559"}],"wp:term":[{"taxonomy":"category","embeddable":true,"href":"https:\/\/revistazetta.com\/index.php?rest_route=%2Fwp%2Fv2%2Fcategories&post=25559"},{"taxonomy":"post_tag","embeddable":true,"href":"https:\/\/revistazetta.com\/index.php?rest_route=%2Fwp%2Fv2%2Ftags&post=25559"}],"curies":[{"name":"wp","href":"https:\/\/api.w.org\/{rel}","templated":true}]}}