{"id":25562,"date":"2018-04-11T07:16:17","date_gmt":"2018-04-11T12:16:17","guid":{"rendered":"http:\/\/www.revistazetta.com\/?p=25562"},"modified":"2018-04-11T07:16:17","modified_gmt":"2018-04-11T12:16:17","slug":"programa-artes-escenicas-unibac-inicia-programacion-confluencias","status":"publish","type":"post","link":"https:\/\/revistazetta.com\/?p=25562","title":{"rendered":"Programa de Artes Esc\u00e9nicas de Unibac inicia programaci\u00f3n de \u201cConfluencias\u201d"},"content":{"rendered":"<p>Esta semana empieza la programaci\u00f3n de \u201cConfluencias\u201d, en la Instituci\u00f3n Universitaria Bellas Artes y Ciencias de Bol\u00edvar (Unibac),\u00a0un\u00a0espacio de socializaci\u00f3n art\u00edstica,\u00a0intercambio y generaci\u00f3n de conocimiento para debatir, compartir y confluir experiencias pr\u00e1cticas y te\u00f3ricas en torno a las artes esc\u00e9nicas<\/p>\n<p>Teniendo como prop\u00f3sito el fortalecimiento de los procesos de internacionalizaci\u00f3n,\u00a0la primera actividad de este a\u00f1o ser\u00e1 la ponencia \u201cDesaf\u00edos del docente de artes a nivel superior: una aproximaci\u00f3n a la Investicreaci\u00f3n\u201d a cargo de los docentes Claudia Torres Gonz\u00e1lez, Ignacio Rosales Encina, Laura S\u00e1nchez Solorio y Beatriz Herrera Guzm\u00e1n, invitados de la Universidad Aut\u00f3noma de Zacatecas (M\u00e9xico)<\/p>\n<p>El evento se realizar\u00e1 en el\u00a0Sal\u00f3n Pierre Daguet de Unibac, el mi\u00e9rcoles 11 de abril, a las 4:00 pm y es abierto al p\u00fablico.<\/p>\n<p>La programaci\u00f3n \u201cConfluencias\u201d,\u00a0organizada por el\u00a0Grupo de Investigaci\u00f3n Cuerpo Arado y el Semillero de Investigaci\u00f3n Encontremos-nos-teatro\u00a0del\u00a0programa de Artes Esc\u00e9nicas de\u00a0Unibac, desarrolla diferentes tem\u00e1ticas como el teatro, la danza,\u00a0el dise\u00f1o, la escenograf\u00eda, la m\u00fasica,\u00a0el cuerpo, el performance, la interdisciplinariedad y los nuevos medios, as\u00ed como\u00a0otros t\u00f3picos relacionados con los procesos del espect\u00e1culo actual.<\/p>\n<p>El objetivo de estas actividades es generar espacio de creaci\u00f3n y participaci\u00f3n de p\u00fablico, promoci\u00f3n art\u00edstica y visibilidad de las actividades y prop\u00f3sitos misionales del programa como una herramienta fundamental de proyecci\u00f3n social y de apoyo a los procesos de investigaci\u00f3n- creaci\u00f3n.<\/p>\n","protected":false},"excerpt":{"rendered":"<p>Esta semana empieza la programaci\u00f3n de \u201cConfluencias\u201d, en la Instituci\u00f3n Universitaria Bellas Artes y Ciencias de Bol\u00edvar (Unibac),\u00a0un\u00a0espacio de socializaci\u00f3n art\u00edstica,\u00a0intercambio y generaci\u00f3n de conocimiento para debatir, compartir y confluir experiencias pr\u00e1cticas y te\u00f3ricas en torno a las artes esc\u00e9nicas Teniendo como prop\u00f3sito el fortalecimiento de los procesos de internacionalizaci\u00f3n,\u00a0la primera actividad de este a\u00f1o ser\u00e1 la ponencia \u201cDesaf\u00edos del docente de artes a nivel superior: una aproximaci\u00f3n a la Investicreaci\u00f3n\u201d a cargo de los docentes Claudia Torres Gonz\u00e1lez, Ignacio Rosales Encina, Laura S\u00e1nchez Solorio y Beatriz Herrera Guzm\u00e1n, invitados&#8230; <\/p>\n","protected":false},"author":3,"featured_media":25563,"comment_status":"open","ping_status":"closed","sticky":false,"template":"","format":"standard","meta":{"footnotes":"","_links_to":"","_links_to_target":""},"categories":[41],"tags":[],"class_list":["post-25562","post","type-post","status-publish","format-standard","has-post-thumbnail","hentry","category-cultura"],"_links":{"self":[{"href":"https:\/\/revistazetta.com\/index.php?rest_route=\/wp\/v2\/posts\/25562","targetHints":{"allow":["GET"]}}],"collection":[{"href":"https:\/\/revistazetta.com\/index.php?rest_route=\/wp\/v2\/posts"}],"about":[{"href":"https:\/\/revistazetta.com\/index.php?rest_route=\/wp\/v2\/types\/post"}],"author":[{"embeddable":true,"href":"https:\/\/revistazetta.com\/index.php?rest_route=\/wp\/v2\/users\/3"}],"replies":[{"embeddable":true,"href":"https:\/\/revistazetta.com\/index.php?rest_route=%2Fwp%2Fv2%2Fcomments&post=25562"}],"version-history":[{"count":0,"href":"https:\/\/revistazetta.com\/index.php?rest_route=\/wp\/v2\/posts\/25562\/revisions"}],"wp:featuredmedia":[{"embeddable":true,"href":"https:\/\/revistazetta.com\/index.php?rest_route=\/wp\/v2\/media\/25563"}],"wp:attachment":[{"href":"https:\/\/revistazetta.com\/index.php?rest_route=%2Fwp%2Fv2%2Fmedia&parent=25562"}],"wp:term":[{"taxonomy":"category","embeddable":true,"href":"https:\/\/revistazetta.com\/index.php?rest_route=%2Fwp%2Fv2%2Fcategories&post=25562"},{"taxonomy":"post_tag","embeddable":true,"href":"https:\/\/revistazetta.com\/index.php?rest_route=%2Fwp%2Fv2%2Ftags&post=25562"}],"curies":[{"name":"wp","href":"https:\/\/api.w.org\/{rel}","templated":true}]}}