{"id":25564,"date":"2018-04-11T16:26:06","date_gmt":"2018-04-11T21:26:06","guid":{"rendered":"http:\/\/www.revistazetta.com\/?p=25564"},"modified":"2018-04-11T16:26:06","modified_gmt":"2018-04-11T21:26:06","slug":"ciudad-social-agenda-transformacion-la-gente-opinion-carlos-feliz","status":"publish","type":"post","link":"https:\/\/revistazetta.com\/?p=25564","title":{"rendered":"Ciudad Social -Agenda de Transformaci\u00f3n para la Gente- Opini\u00f3n de Carlos F\u00e9liz"},"content":{"rendered":"<p><span style=\"color: #000080;\"><strong>Por Carlos F\u00e9liz Monsalve (especial para Revista Zetta).-<\/strong><\/span>Una ciudad social es un concepto permanente y din\u00e1mico. Es una idea envolvente, ah\u00ed se basa el logro de su concepci\u00f3n y desarrollo, en la que confluyen muchos puntos de vista de la calidad de vida en una URBE, condiciones de las viviendas de su gente, el dise\u00f1o de su infraestructura, espacios p\u00fablicos amplios, la movilidad integral y articulada, la seguridad y el orden p\u00fablico generados de la sana convivencia, buenos entornos p\u00fablicos para la educaci\u00f3n con calidad, servicio de salud dignos, sitios para atender la infancia, los adultos mayores, como tambi\u00e9n los escenarios de desarrollo tecnol\u00f3gico, deportivos, l\u00fadicos y para la cultura, todo enmarcado en la accesibilidad para las personas en situaci\u00f3n de discapacidad, y sobre todo una ciudad ambientalmente sostenible.<\/p>\n<p>Es el desarrollo del concepto de urbanismo puro teniendo como esencia la inclusi\u00f3n social, espacial y en las alternativas que se ofrece para el verdadero desarrollo humano, sobre todo de los grupos poblacionales m\u00e1smarginados y vulnerados; es ah\u00ed donde el contexto pol\u00edtico juega un papel fundamental para articular intervenciones urbanas con las realidades sentidas de las comunidades.<\/p>\n<p>El tema es concebir una transformaci\u00f3n de la ciudad a trav\u00e9s de una agenda social revitalizada, con gobernanza pura e intervenciones urbanas y ciudadanas culturalmente arraigadas y perdurables en el tiempo.<\/p>\n<p>El grueso de las intervenciones debe destinar recursos reales, robustos y a la vista hacia las personas de m\u00e1s bajos ingresos que constituyen un grupo marginado del conglomerado social, logrando impactar positivamente el mejoramiento de las condiciones de vida en t\u00e9rminos de movilidad, lucha de frente contra la pobreza e integraci\u00f3n positiva.<\/p>\n<p>Los planes de desarrollo urbano deben ser manifiestos en la necesidad de insistir en el componente comunitario, en actores referentes y en sus pr\u00e1cticas de uso com\u00fan. De ah\u00ed debe estructurarse una pr\u00e1ctica de ejercicios de la funci\u00f3n p\u00fablica basada en el acompa\u00f1amiento, el respeto, y la valoraci\u00f3n de las diferencia que constituyen una ciudad que se enmarca en sus leyes, costumbres, autorregulaciones y distintas normas sociales .<\/p>\n<p>La gran meta y reto es armonizar leyes, posturas morales y culturales, para generar compatibilidad entre reglas formales, valores, principios y nuevamente las llamadas normas sociales; por ejemplo espacios para vivienda, habitad y entorno ambiental debe ser concepciones claves para la vida, encaminadas a la construcci\u00f3n y reconstrucci\u00f3n de las comunidades. Esto lleva a una noci\u00f3n de urbanismo social y participativo como enfoque de desarrollo y estrategia central que busca la participaci\u00f3n de la comunidad y apunta al fortalecimiento del tejido social como resultado del mejoramiento de la vivienda y del h\u00e1bitat popular.<\/p>\n<p>Los principales pilares del avance urbano y social giran alrededor de intervenciones f\u00edsicas y de dimensi\u00f3n ciudadana, creando herramientas de inclusi\u00f3n en el espacio del territorio, y generando equidad en el acceso a m\u00e1s posibilidades, para hacer intervenciones en las zonas marginales de la ciudad de forma integral con un fuerte peso del componente social, de participaci\u00f3n y de cultura ciudadana.<\/p>\n<p>La fortaleza de estos componentes radica en la necesidad de pensar el urbanismo como un gran logro de ciudad cuya continuidad depender\u00e1 de la solidez de los mismos y del arraigo en cada una de las comunidades, el reconocimiento del contexto hist\u00f3rico y antecedentes, y la concepci\u00f3n de complementariedad y articulaci\u00f3n entre puntos de vista acad\u00e9micos, c\u00edvicos, privados y p\u00fablicos.<\/p>\n<p>Frente a esto el aspecto pol\u00edtico sigue siendo eje central para generar garant\u00edas para que la ciudad trabaje procesos de pol\u00edticas p\u00fablicas incluyentes; estas pol\u00edticas publicas deber\u00e1n lograr articular un conjunto de intervenciones, decisiones y acciones priorizadas alrededor de infraestructura f\u00edsica moderna, acompa\u00f1adas de intervenciones complementarias encaminadas a algo fundamental y que a mi juicio es el centro de la problem\u00e1tica social, y es la construcci\u00f3n de infraestructura social, \u00a0-no siempre de cemento- para las comunidades focalizadas.<\/p>\n<p>En esta construcci\u00f3n de esa URBE SOCIAL, esa ciudad informal debe ayudar en la creatividad, innovaci\u00f3n, modernizaci\u00f3n y voluntad pol\u00edtica para sentarse a dise\u00f1ar, adaptar, adoptar e implementar las normas o comportamientos sociales de la vida cotidiana en los territorios espec\u00edficos o unidades comuneras de gobierno para el caso puntual del distrito de Cartagena; la contribuci\u00f3n y la participaci\u00f3n de esos territorios espec\u00edficos informales tambi\u00e9n es fundamental, ya sea con mano de obra calificada o no calificada en intervenciones f\u00edsicas o con generaci\u00f3n de ideas en la planeaci\u00f3n y en las veedur\u00edas sociales de observaci\u00f3n, que no es m\u00e1s que el verdadero empoderamiento ciudadano.<\/p>\n<p>Sin la participaci\u00f3n de la comunidad organizada con sus dignatarios ser\u00eda muy dif\u00edcil ya casi que imposible la transformaci\u00f3n urbana, particularmente del contexto de ciudad informal. Se trata de que las comunidades acompa\u00f1en todos los procesos desde las acciones, pasando por la construcci\u00f3n de obra, generaci\u00f3n de cultura ciudadana, hasta la operaci\u00f3n final de proyectos. Las comunidades no son actores de lujos a los que se les habla de los procesos y se les dan obras a cambio de votos, al contrario son factor y actores fundamentales en las transformaciones que quiere alcanzar la noci\u00f3n de urbanismo social.<\/p>\n<p>Las estrategias de comunicaci\u00f3n institucional tambi\u00e9n son determinantes en la formaci\u00f3n de ciudadan\u00eda y transformaci\u00f3n de los lugares de las unidades comuneras de gobierno en el imaginario colectivo de la ciudad. Sin embargo, frente a los aires de cambios promovidos muchas veces por la administraci\u00f3n municipal, las concepciones urbanas y los imaginarios ciudadanos est\u00e1n m\u00e1s apegados al pasado y se resisten a esos cambios.<\/p>\n<p>La ciudad debe llevarse no solamente a los postulados sociales de ese urbanismo emergente, sino tambi\u00e9n dirigido a cambiar la imagen de la ciudad para hacerla atractiva y funcional a los inversionistas privados; por lo tanto no ser\u00e1 solo una v\u00eda para generar equidad e inclusi\u00f3n social, sino que hace parte de un modelo de gesti\u00f3n urbana para la venta de la ciudad bajo atractivos de mercados sostenibles, seguros y que den ventajas competitivas.<\/p>\n<p>Repensar la ciudad y sus formas de habitarlas sigue siendo el reto para sus habitantes, y dados los asentamientos que quieren emerger como barrios para ser viables las actividades econ\u00f3micas, la movilidad multimodal, la sostenibilidad, la seguridad y la convivencia, se necesita m\u00e1s bien profundizar la tarea colectiva de comprender el proceso con el fin de tener claros los aspectos d\u00e9biles y afianzar el urbanismo como norte o meta com\u00fan.<\/p>\n<p>Este urbanismo debe ser coordinador con actores privados y comunitarios para hacerle frente a complejos retos derivados de la historia de la ciudad, de su geograf\u00eda, de sus conflictos. Debe abordarse con institucionalidad p\u00fablica, participaci\u00f3n, conectividad y maximizaci\u00f3n de recursos, para emprender una transformaci\u00f3n integral con logros a corto, mediano y largo plazo. Esa coordinaci\u00f3n interinstitucional deber\u00e1 ser clave para movilizar recursos humanos y financieros, y sobre todo para que sea una coordinaci\u00f3n gestora bajo pilares de transparencia, innovaci\u00f3n, gesti\u00f3n no corrupta, ejecuci\u00f3n y liderazgo de avanzada.<\/p>\n<p>La forma de gobernar, los intereses pol\u00edticos, las ideolog\u00edas y las posturas coyunturales no deben ser un freno de mano en la construcci\u00f3n de ciudad, en la generaci\u00f3n de un proyecto general de urbanismo social, por el contrario debe ser una construcci\u00f3n permanente de conexiones y centros de desarrollo sectorial global, donde esto se vea como un proyecto de dignidad social y urban\u00edstica que le permita al ciudadano dormir, pero tambi\u00e9n so\u00f1ar con un cambio urbano que lo lleve a cambios en la din\u00e1mica pol\u00edtica, ambiental, econ\u00f3mica y social de sus entornos.<\/p>\n<p>Hacer un frente que conecte lo que ha estado por a\u00f1os desarticulado y poder general prop\u00f3sitos comunes dentro de las diferencias que nos permita decir que si podemos y si somos capaces de hacerlo.<\/p>\n<p>Para terminar es importante se\u00f1alar que ante esta din\u00e1mica pol\u00edtica hay que construir proyecciones inteligentes para la transformaci\u00f3n de la ciudad para evitar retroceder y generar procesos que nos hagan salir adelante. Con construcci\u00f3n de infraestructura en las unidades comuneras m\u00e1s pobres, la pol\u00edtica de seguridad en potestad de la Alcald\u00eda Municipal y la coordinaci\u00f3n efectiva a todos los niveles de gobierno para las administraciones venideras. Es la ciudad lo importante, No, los que la administran.<\/p>\n<p>Las propuestas de intervenci\u00f3n urbana responden a proyectos pol\u00edticos a valores culturales, a objetivos de gesti\u00f3n y a cambios sociales que la comunidad debe tener absolutamente claros. Las\u00a0 soluciones urbanas tienen mucha conflictividad y deben\u00a0 responder a muchos problemas a la vez, no se debe abordar la transformaci\u00f3n a trav\u00e9s de miradas o intervenciones sectoriales, individuales o mezquinas, debe ser una visi\u00f3n de ciudad moderna y flexible que se quiere construir entre todos.<\/p>\n<p>Esa Ciudad social e incluyente debe ser un valor agregado y un hecho de transformaci\u00f3n real y permanente para nuestra gente.<\/p>\n<p>&nbsp;<\/p>\n<p><strong>Por: CARLOS FELIZ MONSALVE<\/strong><\/p>\n<p>&nbsp;<\/p>\n<p>&nbsp;<\/p>\n","protected":false},"excerpt":{"rendered":"<p>Por Carlos F\u00e9liz Monsalve (especial para Revista Zetta).-Una ciudad social es un concepto permanente y din\u00e1mico. Es una idea envolvente, ah\u00ed se basa el logro de su concepci\u00f3n y desarrollo, en la que confluyen muchos puntos de vista de la calidad de vida en una URBE, condiciones de las viviendas de su gente, el dise\u00f1o de su infraestructura, espacios p\u00fablicos amplios, la movilidad integral y articulada, la seguridad y el orden p\u00fablico generados de la sana convivencia, buenos entornos p\u00fablicos para la educaci\u00f3n con calidad, servicio de salud dignos, sitios&#8230; <\/p>\n","protected":false},"author":3,"featured_media":25565,"comment_status":"open","ping_status":"closed","sticky":false,"template":"","format":"standard","meta":{"footnotes":"","_links_to":"","_links_to_target":""},"categories":[75,44,65],"tags":[],"class_list":["post-25564","post","type-post","status-publish","format-standard","has-post-thumbnail","hentry","category-destacada","category-materiagris","category-opinion"],"_links":{"self":[{"href":"https:\/\/revistazetta.com\/index.php?rest_route=\/wp\/v2\/posts\/25564","targetHints":{"allow":["GET"]}}],"collection":[{"href":"https:\/\/revistazetta.com\/index.php?rest_route=\/wp\/v2\/posts"}],"about":[{"href":"https:\/\/revistazetta.com\/index.php?rest_route=\/wp\/v2\/types\/post"}],"author":[{"embeddable":true,"href":"https:\/\/revistazetta.com\/index.php?rest_route=\/wp\/v2\/users\/3"}],"replies":[{"embeddable":true,"href":"https:\/\/revistazetta.com\/index.php?rest_route=%2Fwp%2Fv2%2Fcomments&post=25564"}],"version-history":[{"count":0,"href":"https:\/\/revistazetta.com\/index.php?rest_route=\/wp\/v2\/posts\/25564\/revisions"}],"wp:featuredmedia":[{"embeddable":true,"href":"https:\/\/revistazetta.com\/index.php?rest_route=\/wp\/v2\/media\/25565"}],"wp:attachment":[{"href":"https:\/\/revistazetta.com\/index.php?rest_route=%2Fwp%2Fv2%2Fmedia&parent=25564"}],"wp:term":[{"taxonomy":"category","embeddable":true,"href":"https:\/\/revistazetta.com\/index.php?rest_route=%2Fwp%2Fv2%2Fcategories&post=25564"},{"taxonomy":"post_tag","embeddable":true,"href":"https:\/\/revistazetta.com\/index.php?rest_route=%2Fwp%2Fv2%2Ftags&post=25564"}],"curies":[{"name":"wp","href":"https:\/\/api.w.org\/{rel}","templated":true}]}}