{"id":25566,"date":"2018-04-11T16:47:49","date_gmt":"2018-04-11T21:47:49","guid":{"rendered":"http:\/\/www.revistazetta.com\/?p=25566"},"modified":"2018-04-11T16:47:49","modified_gmt":"2018-04-11T21:47:49","slug":"este-jueves-concierto-la-orquesta-camara-tito-sangiorgi","status":"publish","type":"post","link":"https:\/\/revistazetta.com\/?p=25566","title":{"rendered":"Este jueves, concierto de la Orquesta de C\u00e1mara Tito Sangiorgi"},"content":{"rendered":"<p>La Orquesta de C\u00e1mara Tito Sangiorgi ofrecer\u00e1 un concierto este jueves 12 de abril, a las 6 de la tarde, en el sal\u00f3n Pierre Daguet de la Instituci\u00f3n Universitaria Bellas Artes y Ciencias de Bol\u00edvar (Unibac). La entrada es libre al p\u00fablico hasta completar aforo.<\/p>\n<p>La Orquesta de C\u00e1mara Tito Sangiorgi del Conservatorio de M\u00fasica Adolfo Mej\u00eda de Unibac est\u00e1 integrada por estudiantes de semestres avanzados del \u00e1rea de cuerdas frotadas, liderados por el maestro Carlos Tello, docente de la c\u00e1tedra de contrabajo del Programa. La Orquesta fue creada en 2015, al tiempo con el nuevo plan de estudios aprobado por el Ministerio de Educaci\u00f3n.<\/p>\n<p>El objetivo de la Orquesta de C\u00e1mara Tito Sangiorgi es fomentar la pr\u00e1ctica de la m\u00fasica de c\u00e1mara como una experiencia musical donde cada instrumento juega un papel determinante con alt\u00edsima responsabilidad, lo cual estimula el desarrollo de las competencias interpretativas.<\/p>\n<p>De otro lado, la agrupaci\u00f3n &#8211; que lleva el nombre del pionero y fundador de la escuela de cuerdas del Instituto de M\u00fasica de Cartagena, el maestro italiano Tito Sangiorgi, tiene como reto la difusi\u00f3n del repertorio camer\u00edstico latinoamericano y universal. Entre sus proyectos se destaca tambi\u00e9n la cooperaci\u00f3n con los talleres de \u00f3pera de Unibac y de la Universidad del Atl\u00e1ntico.<\/p>\n<p>Este concierto es<strong>\u00a0<\/strong>organizado por el Conservatorio de M\u00fasica Adolfo Mej\u00eda de Unibac y hace parte de las actividades culturales que realiza la Instituci\u00f3n como parte de su proyecci\u00f3n social.<\/p>\n","protected":false},"excerpt":{"rendered":"<p>La Orquesta de C\u00e1mara Tito Sangiorgi ofrecer\u00e1 un concierto este jueves 12 de abril, a las 6 de la tarde, en el sal\u00f3n Pierre Daguet de la Instituci\u00f3n Universitaria Bellas Artes y Ciencias de Bol\u00edvar (Unibac). La entrada es libre al p\u00fablico hasta completar aforo. La Orquesta de C\u00e1mara Tito Sangiorgi del Conservatorio de M\u00fasica Adolfo Mej\u00eda de Unibac est\u00e1 integrada por estudiantes de semestres avanzados del \u00e1rea de cuerdas frotadas, liderados por el maestro Carlos Tello, docente de la c\u00e1tedra de contrabajo del Programa. La Orquesta fue creada en&#8230; <\/p>\n","protected":false},"author":3,"featured_media":25567,"comment_status":"open","ping_status":"closed","sticky":false,"template":"","format":"standard","meta":{"footnotes":"","_links_to":"","_links_to_target":""},"categories":[41,43],"tags":[],"class_list":["post-25566","post","type-post","status-publish","format-standard","has-post-thumbnail","hentry","category-cultura","category-cultura-musica"],"_links":{"self":[{"href":"https:\/\/revistazetta.com\/index.php?rest_route=\/wp\/v2\/posts\/25566","targetHints":{"allow":["GET"]}}],"collection":[{"href":"https:\/\/revistazetta.com\/index.php?rest_route=\/wp\/v2\/posts"}],"about":[{"href":"https:\/\/revistazetta.com\/index.php?rest_route=\/wp\/v2\/types\/post"}],"author":[{"embeddable":true,"href":"https:\/\/revistazetta.com\/index.php?rest_route=\/wp\/v2\/users\/3"}],"replies":[{"embeddable":true,"href":"https:\/\/revistazetta.com\/index.php?rest_route=%2Fwp%2Fv2%2Fcomments&post=25566"}],"version-history":[{"count":0,"href":"https:\/\/revistazetta.com\/index.php?rest_route=\/wp\/v2\/posts\/25566\/revisions"}],"wp:featuredmedia":[{"embeddable":true,"href":"https:\/\/revistazetta.com\/index.php?rest_route=\/wp\/v2\/media\/25567"}],"wp:attachment":[{"href":"https:\/\/revistazetta.com\/index.php?rest_route=%2Fwp%2Fv2%2Fmedia&parent=25566"}],"wp:term":[{"taxonomy":"category","embeddable":true,"href":"https:\/\/revistazetta.com\/index.php?rest_route=%2Fwp%2Fv2%2Fcategories&post=25566"},{"taxonomy":"post_tag","embeddable":true,"href":"https:\/\/revistazetta.com\/index.php?rest_route=%2Fwp%2Fv2%2Ftags&post=25566"}],"curies":[{"name":"wp","href":"https:\/\/api.w.org\/{rel}","templated":true}]}}