{"id":25597,"date":"2018-04-12T07:07:25","date_gmt":"2018-04-12T12:07:25","guid":{"rendered":"http:\/\/www.revistazetta.com\/?p=25597"},"modified":"2018-04-12T07:07:25","modified_gmt":"2018-04-12T12:07:25","slug":"los-comunales-cartagena-dijeron-andres-lo-haremos","status":"publish","type":"post","link":"https:\/\/revistazetta.com\/?p=25597","title":{"rendered":"Los comunales de Cartagena dijeron: Con Andr\u00e9s, \u00a1Lo Haremos!"},"content":{"rendered":"<p><img loading=\"lazy\" decoding=\"async\" class=\"alignright size-medium wp-image-25599\" src=\"https:\/\/www.revistazetta.com\/wp-content\/uploads\/2018\/04\/AFB-Comunales-1-300x188.jpg\" alt=\"\" width=\"300\" height=\"188\" srcset=\"https:\/\/revistazetta.com\/wp-content\/uploads\/2018\/04\/AFB-Comunales-1-300x188.jpg 300w, https:\/\/revistazetta.com\/wp-content\/uploads\/2018\/04\/AFB-Comunales-1-234x146.jpg 234w, https:\/\/revistazetta.com\/wp-content\/uploads\/2018\/04\/AFB-Comunales-1-50x31.jpg 50w, https:\/\/revistazetta.com\/wp-content\/uploads\/2018\/04\/AFB-Comunales-1-120x75.jpg 120w, https:\/\/revistazetta.com\/wp-content\/uploads\/2018\/04\/AFB-Comunales-1.jpg 768w\" sizes=\"auto, (max-width: 300px) 100vw, 300px\" \/>Ante m\u00e1s de 600 l\u00edderes comunales que claman por un gobierno independiente, sin politiquer\u00eda y que los respalde en las iniciativas que buscan mejorar sus barrios, el candidato a la Alcald\u00eda por el Partido ASI Andr\u00e9s Betancourt, se comprometi\u00f3 en que al ganar las elecciones del 6 de mayo trabajar\u00eda en el fortalecimiento de las Juntas de Acci\u00f3n Comunal en la ciudad.<\/p>\n<p>Como constancia de su compromiso, en la cancha m\u00faltiple del Barrio Chiquinquir\u00e1, Andr\u00e9s Betancourt firm\u00f3 un acuerdo program\u00e1tico que asegura se convertir\u00e1 en pol\u00edticas y acciones inmediatas de gobierno, una vez llegue al Palacio de La Aduana.<\/p>\n<p>\u201cNuestras alianzas siguen siendo con la gente. El prop\u00f3sito de este compromiso es lograr el fortalecimiento de la estructura interna, su relaci\u00f3n con el Estado y el gobierno, el adecuado funcionamiento, la sostenibilidad econ\u00f3mica, la capacidad de gesti\u00f3n y resultados de los organismos comunales en el Distrito de Cartagena de Indias. Todo esto para hacer realidad el buen gobierno y el fortalecimiento del proceso de Participaci\u00f3n Ciudadana y Comunitaria\u201d, expresa Andr\u00e9s Betancourt.<\/p>\n<p><img loading=\"lazy\" decoding=\"async\" class=\"alignright size-medium wp-image-25600\" src=\"https:\/\/www.revistazetta.com\/wp-content\/uploads\/2018\/04\/AFB-Comunales-2-300x188.jpg\" alt=\"\" width=\"300\" height=\"188\" srcset=\"https:\/\/revistazetta.com\/wp-content\/uploads\/2018\/04\/AFB-Comunales-2-300x188.jpg 300w, https:\/\/revistazetta.com\/wp-content\/uploads\/2018\/04\/AFB-Comunales-2-234x146.jpg 234w, https:\/\/revistazetta.com\/wp-content\/uploads\/2018\/04\/AFB-Comunales-2-50x31.jpg 50w, https:\/\/revistazetta.com\/wp-content\/uploads\/2018\/04\/AFB-Comunales-2-120x75.jpg 120w, https:\/\/revistazetta.com\/wp-content\/uploads\/2018\/04\/AFB-Comunales-2.jpg 768w\" sizes=\"auto, (max-width: 300px) 100vw, 300px\" \/>El documento, firmado por el candidato a la Alcald\u00eda, contempla las siguientes acciones de gobierno, para fortalecer y empoderar los sectores sociales, representados en sus organismos comunales, as\u00ed:<\/p>\n<ol>\n<li>Garantizar el desarrollo de los procesos de formulaci\u00f3n, implementaci\u00f3n y evaluaci\u00f3n de la pol\u00edtica p\u00fablica para el fortalecimiento de la Organizaci\u00f3n Comunal en el Distrito de Cartagena.<\/li>\n<li>Creaci\u00f3n de un Fondo para la financiaci\u00f3n y gesti\u00f3n de proyectos de iniciativas de los organismos de Acci\u00f3n Comunal.<\/li>\n<li>Construcci\u00f3n de 150 sedes para los organismos de Acci\u00f3n Comunal del Distrito de Cartagena <strong>\u201c<\/strong>contratado con las JAC<strong>\u201d<\/strong>.<\/li>\n<li>Garantizar la realizaci\u00f3n de los juegos recreativos y deportivos comunales del distrito de Cartagena de indias, dentro del programa de deporte social comunitario, como parte del plan de acci\u00f3n anual del IDER y lo establecido por Coldeportes.<\/li>\n<li>Construcci\u00f3n y\/o adecuaci\u00f3n de escenarios deportivos y conformaci\u00f3n de las Juntas Administradoras de dichos escenarios, con la participaci\u00f3n las Juntas de Acci\u00f3n Comunal.<\/li>\n<li>Construcci\u00f3n de tres Centros de desarrollo comunitario multiprop\u00f3sito, uno en cada Localidad en el distrito de Cartagena, que para su operaci\u00f3n y sostenimiento sean entregados bajo la modalidad de comodato a las Asociaciones de Juntas de Acci\u00f3n Comunal de cada Localidad.<\/li>\n<li>Reactivar el convenio entre el Distrito de Cartagena y las Organizaciones Comunales para su formaci\u00f3n y profesionalizaci\u00f3n en Pregrados y Posgrados, a trav\u00e9s de convenios interadministrativos y el fondo de concurrencia establecido en la ley 1551 de 2012; para los dignatarios de las Juntas de Acci\u00f3n Comunal, con universidades p\u00fablicas o privadas del distrito, en especial con el Colegio Mayor de Bol\u00edvar, la UNAD, la ESAP y la Universidad de Cartagena.<\/li>\n<li>Fortalecer la estrategia del programa pedag\u00f3gico, Formador de Formadores, a trav\u00e9s de convenios solidarios entre la Alcald\u00eda y la Federaci\u00f3n Comunal del distrito y sus comisiones pedag\u00f3gicas.<\/li>\n<li>Presentaci\u00f3n del Proyecto de Acuerdo para la creaci\u00f3n del Departamento De Acci\u00f3n Comunal del Distrito, con su banco de iniciativas comunales.<\/li>\n<li>Designar en la Secretaria de Participaci\u00f3n y Desarrollo Social, a un representante aut\u00e9ntico de la Dirigencia Comunal, asign\u00e1ndole un presupuesto amplio y suficiente, para que cumpla sus funciones y competencias con eficiencia, eficacia y efectividad.<\/li>\n<li>Garantizar el cumplimiento proceso de Presupuesto Participativo en el Distrito de Cartagena, de acuerdo con la metodolog\u00eda establecida en el acuerdo 003 de marzo de 2009 y su decreto reglamentario 0761 del 2009, a trav\u00e9s de los cuales los ciudadanos residentes en su correspondiente Unidad Comunera de Gobierno -UCG- participan, priorizan y definen la inversi\u00f3n en su territorios.<\/li>\n<li>Crear e implementar el funcionamiento de las Gerencias Comuneras, en las diferentes UCG de las respectivas Localidades. Incluyendo la creaci\u00f3n de otras en zonas de comunidades especiales como: El Poz\u00f3n, Nelson Mandela, San Jos\u00e9 de los Campanos y Ciudad Bicentenario; dada su densidad poblacional y su extensi\u00f3n territorial.<\/li>\n<li>Apoyar y presentar a consideraci\u00f3n del Concejo, el Proyecto de Acuerdo por el cual se Reestructuran las Localidades, se reglamenta y precisan las funciones y competencias del sector central y descentralizado, y se fortalece la Participaci\u00f3n Ciudadana y Comunitaria en Cartagena; conforme a lo contemplado a las leyes 1617 de 2013 y 1551 de 2012.<\/li>\n<li>Crear el Consejo Distrital de Participaci\u00f3n Ciudadana, a trav\u00e9s de la Secretar\u00eda de Participaci\u00f3n y Desarrollo Social, conforme lo consagra el Par\u00e1grafo <strong>4<\/strong> del art\u00edculo <strong>79<\/strong>de la ley 1757 del <strong>6<\/strong> de julio de 2015.<\/li>\n<li>Impulsar el empleo y emprendimiento, el trabajo digno y productivo, para lo cual el Distrito adoptar\u00e1 pol\u00edticas p\u00fablicas y estrategias claras para el fomento de proyectos empresariales, prest\u00e1ndoles permanentemente asesor\u00edas t\u00e9cnica y financiera.<\/li>\n<\/ol>\n<p>Con la firma de este Acuerdo Program\u00e1tico, el candidato a la Alcald\u00eda, Andr\u00e9s Betancourt<strong>,<\/strong> asume una gran responsabilidad social y pol\u00edtica con los Comunales y el pueblo cartagenero, en consecuencia con su prop\u00f3sito de un buen gobierno gerenciado con autoridad e independencia.<\/p>\n","protected":false},"excerpt":{"rendered":"<p>Ante m\u00e1s de 600 l\u00edderes comunales que claman por un gobierno independiente, sin politiquer\u00eda y que los respalde en las iniciativas que buscan mejorar sus barrios, el candidato a la Alcald\u00eda por el Partido ASI Andr\u00e9s Betancourt, se comprometi\u00f3 en que al ganar las elecciones del 6 de mayo trabajar\u00eda en el fortalecimiento de las Juntas de Acci\u00f3n Comunal en la ciudad. Como constancia de su compromiso, en la cancha m\u00faltiple del Barrio Chiquinquir\u00e1, Andr\u00e9s Betancourt firm\u00f3 un acuerdo program\u00e1tico que asegura se convertir\u00e1 en pol\u00edticas y acciones inmediatas de&#8230; <\/p>\n","protected":false},"author":3,"featured_media":25598,"comment_status":"open","ping_status":"closed","sticky":false,"template":"","format":"standard","meta":{"footnotes":"","_links_to":"","_links_to_target":""},"categories":[75,4],"tags":[],"class_list":["post-25597","post","type-post","status-publish","format-standard","has-post-thumbnail","hentry","category-destacada","category-politica"],"_links":{"self":[{"href":"https:\/\/revistazetta.com\/index.php?rest_route=\/wp\/v2\/posts\/25597","targetHints":{"allow":["GET"]}}],"collection":[{"href":"https:\/\/revistazetta.com\/index.php?rest_route=\/wp\/v2\/posts"}],"about":[{"href":"https:\/\/revistazetta.com\/index.php?rest_route=\/wp\/v2\/types\/post"}],"author":[{"embeddable":true,"href":"https:\/\/revistazetta.com\/index.php?rest_route=\/wp\/v2\/users\/3"}],"replies":[{"embeddable":true,"href":"https:\/\/revistazetta.com\/index.php?rest_route=%2Fwp%2Fv2%2Fcomments&post=25597"}],"version-history":[{"count":0,"href":"https:\/\/revistazetta.com\/index.php?rest_route=\/wp\/v2\/posts\/25597\/revisions"}],"wp:featuredmedia":[{"embeddable":true,"href":"https:\/\/revistazetta.com\/index.php?rest_route=\/wp\/v2\/media\/25598"}],"wp:attachment":[{"href":"https:\/\/revistazetta.com\/index.php?rest_route=%2Fwp%2Fv2%2Fmedia&parent=25597"}],"wp:term":[{"taxonomy":"category","embeddable":true,"href":"https:\/\/revistazetta.com\/index.php?rest_route=%2Fwp%2Fv2%2Fcategories&post=25597"},{"taxonomy":"post_tag","embeddable":true,"href":"https:\/\/revistazetta.com\/index.php?rest_route=%2Fwp%2Fv2%2Ftags&post=25597"}],"curies":[{"name":"wp","href":"https:\/\/api.w.org\/{rel}","templated":true}]}}