{"id":25601,"date":"2018-04-12T07:21:57","date_gmt":"2018-04-12T12:21:57","guid":{"rendered":"http:\/\/www.revistazetta.com\/?p=25601"},"modified":"2018-04-12T07:28:57","modified_gmt":"2018-04-12T12:28:57","slug":"cartagena-tendra-alcalde-del-deporte-antonio-quinto-guerra","status":"publish","type":"post","link":"https:\/\/revistazetta.com\/?p=25601","title":{"rendered":"\u201cCartagena tendr\u00e1 un alcalde del deporte\u201d: Antonio Quinto Guerra"},"content":{"rendered":"<p><sup><img loading=\"lazy\" decoding=\"async\" class=\"alignright size-medium wp-image-25603\" src=\"https:\/\/www.revistazetta.com\/wp-content\/uploads\/2018\/04\/Quinto-deporte-3-300x188.jpg\" alt=\"\" width=\"300\" height=\"188\" srcset=\"https:\/\/revistazetta.com\/wp-content\/uploads\/2018\/04\/Quinto-deporte-3-300x188.jpg 300w, https:\/\/revistazetta.com\/wp-content\/uploads\/2018\/04\/Quinto-deporte-3-234x146.jpg 234w, https:\/\/revistazetta.com\/wp-content\/uploads\/2018\/04\/Quinto-deporte-3-50x31.jpg 50w, https:\/\/revistazetta.com\/wp-content\/uploads\/2018\/04\/Quinto-deporte-3-120x75.jpg 120w, https:\/\/revistazetta.com\/wp-content\/uploads\/2018\/04\/Quinto-deporte-3.jpg 768w\" sizes=\"auto, (max-width: 300px) 100vw, 300px\" \/>Atendiendo la invitaci\u00f3n de los dirigentes deportivos Elkin Paz y Roberto Carlos Vargas, el candidato a la Alcald\u00eda, Antonio Quinto Guerra Varela, se puso la camiseta del deporte ante decenas de directivos de ligas en una reuni\u00f3n realizada en el Hotel Sol del Este, localizado en el sector El Amparo.<\/sup><\/p>\n<p><sup>\u00a0\u201cEsta actividad se realiz\u00f3 para darle un espacio a los dirigentes deportivos y presidentes de ligas para que habl\u00e1ramos del deporte. Quien m\u00e1s que ellos para hacerle saber a Quinto las dificultades y necesidades que tiene cada una de las disciplinas deportivas para juntos poder construir el gran proyecto deportivo que se merece Cartagena\u201d, dijo Elkin Paz.<\/sup><\/p>\n<p><em><sup>Este dialogo\u00a0\u00a0\u201cHablando de deportes con Quinto\u201d <\/sup><\/em><sup>cont\u00f3 con la presencia y el apoyo<em>\u00a0<\/em><\/sup><sup>de las diferentes ligas departamentales, deportistas y dirigentes deportivos. El candidato a la alcald\u00eda de Cartagena,\u00a0\u00a0Antonio Quinto Guerra, ante m\u00e1s de 200 personas se comprometi\u00f3 a realizar en compa\u00f1\u00eda del Gobernador de Bol\u00edvar los mejores Juegos Nacionales de la historia del pa\u00eds.<\/sup><\/p>\n<p><sup>\u201cEl Gobernador se ha dado a la tarea de llevar la bandera de los Juegos Nacionales, y desde mi gobierno vamos acompa\u00f1arlo sin ego\u00edsmo. Por primera vez vamos a tener un verdadero alcalde del deporte. Quienes alguna vez practicamos deporte sabemos de las dificultades de las ligas para ofrecer recursos a sus deportistas\u201d afirm\u00f3 Quinto Guerra.<\/sup><\/p>\n<p><sup>Adem\u00e1s el candidato del \u00a1Ganamos todos! Se comprometi\u00f3 tambi\u00e9n\u00a0a\u00a0entregar\u00a0los escenarios deportivos a las ligas, con herramientas necesarias para su manteamiento y la realizaci\u00f3n de eventos internacionales que fortalecen la econom\u00eda del deporte en la ciudad.<\/sup><\/p>\n<p><sup>Por su parte Luis D\u00edaz, directivo de la Federaci\u00f3n Colombiana de Softbol, dijo: \u201cQuinto es mi gran amigo de infancia lo conoc\u00ed a trav\u00e9s del deporte. Hoy le pido se apodere de la Villa Ol\u00edmpica, que la embellezca. Apod\u00e9rate de ese espacio, ese es tu gran desaf\u00edo con el deporte que quede para la historia, pues nosotros nos encargamos de cuidarla\u201d.<\/sup><\/p>\n<p><sup>Antonio Quinto Guerra dijo al respecto: <\/sup><span style=\"color: #000080;\"><em><sup>\u201c<\/sup>Vamos a dignificar la vida de entrenadores y deportistas con vinculaciones laborales directas y convenios con las universidades para facilitar el acceso a la educaci\u00f3n superior de nuestros j\u00f3venes deportistas. Cartagena tendr\u00e1 los mejores deportistas del pa\u00eds. Desde el 6 de mayo cambiar\u00e1 la historia del deporte en Cartagena. Volveremos a los grandes eventos deportivos, traeremos el voleibol playa, el f\u00fatbol, el campeonato de atletismo, revivir\u00e1 el beisbol y buscaremos la sede de los Juegos Centroamericamos. \u00a1Qu\u00e9 viva el deporte!\u201d.<\/em><\/span><\/p>\n<p><em><span style=\"color: #000080;\">\u201cMi compromiso como alcalde con el cerramiento de la Villa Ol\u00edmpica. Esta camiseta la tendr\u00e9 puesta desde el 6 de mayo porque ser\u00e9 el alcalde del deporte. Mi especial agradecimiento a Elkin Paz, Roberto Carlos Vargas, Federico Cabrera; presidente de la Liga de Baloncesto de Bol\u00edvar, Luis D\u00edaz, miembro de la Federaci\u00f3n Colombiana de Softbol, deportistas y dem\u00e1s dirigentes deportivos\u201d<\/span><\/em>, puntualiz\u00f3.<\/p>\n","protected":false},"excerpt":{"rendered":"<p>Atendiendo la invitaci\u00f3n de los dirigentes deportivos Elkin Paz y Roberto Carlos Vargas, el candidato a la Alcald\u00eda, Antonio Quinto Guerra Varela, se puso la camiseta del deporte ante decenas de directivos de ligas en una reuni\u00f3n realizada en el Hotel Sol del Este, localizado en el sector El Amparo. \u00a0\u201cEsta actividad se realiz\u00f3 para darle un espacio a los dirigentes deportivos y presidentes de ligas para que habl\u00e1ramos del deporte. Quien m\u00e1s que ellos para hacerle saber a Quinto las dificultades y necesidades que tiene cada una de las&#8230; <\/p>\n","protected":false},"author":3,"featured_media":25602,"comment_status":"open","ping_status":"closed","sticky":false,"template":"","format":"standard","meta":{"footnotes":"","_links_to":"","_links_to_target":""},"categories":[75,4],"tags":[],"class_list":["post-25601","post","type-post","status-publish","format-standard","has-post-thumbnail","hentry","category-destacada","category-politica"],"_links":{"self":[{"href":"https:\/\/revistazetta.com\/index.php?rest_route=\/wp\/v2\/posts\/25601","targetHints":{"allow":["GET"]}}],"collection":[{"href":"https:\/\/revistazetta.com\/index.php?rest_route=\/wp\/v2\/posts"}],"about":[{"href":"https:\/\/revistazetta.com\/index.php?rest_route=\/wp\/v2\/types\/post"}],"author":[{"embeddable":true,"href":"https:\/\/revistazetta.com\/index.php?rest_route=\/wp\/v2\/users\/3"}],"replies":[{"embeddable":true,"href":"https:\/\/revistazetta.com\/index.php?rest_route=%2Fwp%2Fv2%2Fcomments&post=25601"}],"version-history":[{"count":0,"href":"https:\/\/revistazetta.com\/index.php?rest_route=\/wp\/v2\/posts\/25601\/revisions"}],"wp:featuredmedia":[{"embeddable":true,"href":"https:\/\/revistazetta.com\/index.php?rest_route=\/wp\/v2\/media\/25602"}],"wp:attachment":[{"href":"https:\/\/revistazetta.com\/index.php?rest_route=%2Fwp%2Fv2%2Fmedia&parent=25601"}],"wp:term":[{"taxonomy":"category","embeddable":true,"href":"https:\/\/revistazetta.com\/index.php?rest_route=%2Fwp%2Fv2%2Fcategories&post=25601"},{"taxonomy":"post_tag","embeddable":true,"href":"https:\/\/revistazetta.com\/index.php?rest_route=%2Fwp%2Fv2%2Ftags&post=25601"}],"curies":[{"name":"wp","href":"https:\/\/api.w.org\/{rel}","templated":true}]}}