{"id":25604,"date":"2018-04-12T09:02:45","date_gmt":"2018-04-12T14:02:45","guid":{"rendered":"http:\/\/www.revistazetta.com\/?p=25604"},"modified":"2018-04-12T09:02:45","modified_gmt":"2018-04-12T14:02:45","slug":"da-tristeza-estado-del-jaime-moron","status":"publish","type":"post","link":"https:\/\/revistazetta.com\/?p=25604","title":{"rendered":"Da tristeza estado del \u00abJaime Mor\u00f3n\u00bb"},"content":{"rendered":"<p>La comunidad deportiva de Cartagena prendi\u00f3 las alarmas por el lamentable estado en que se encuentra el estadio de f\u00fatbol \u00abJaime Mor\u00f3n\u00bb.<\/p>\n<p>La gramilla est\u00e1 quemada y desgastada, con inmensos baches pelados; las tribunas y parte interior est\u00e1 absolutamente desaseada, y varios rincones han sido tomados como ba\u00f1os p\u00fablicos, con f\u00e9tidos olores.<\/p>\n<p>La responsabilidad es del Instituto Distrital de Deportes y Recreaci\u00f3n. Se espera la reacci\u00f3n de su director, Am\u00edn D\u00edaz.<\/p>\n<p>En contraste, el estadio \u00abDiego Carvajal\u00bb de Magangu\u00e9 luce impecable, como siempre deben mantenerse los escenarios deportivos.<\/p>\n<div id=\"attachment_25608\" style=\"width: 310px\" class=\"wp-caption alignright\"><img loading=\"lazy\" decoding=\"async\" aria-describedby=\"caption-attachment-25608\" class=\"wp-image-25608 size-medium\" src=\"https:\/\/www.revistazetta.com\/wp-content\/uploads\/2018\/04\/2018-04-12-PHOTO-00000049-300x225.jpg\" alt=\"\" width=\"300\" height=\"225\" srcset=\"https:\/\/revistazetta.com\/wp-content\/uploads\/2018\/04\/2018-04-12-PHOTO-00000049-300x225.jpg 300w, https:\/\/revistazetta.com\/wp-content\/uploads\/2018\/04\/2018-04-12-PHOTO-00000049-195x146.jpg 195w, https:\/\/revistazetta.com\/wp-content\/uploads\/2018\/04\/2018-04-12-PHOTO-00000049-50x38.jpg 50w, https:\/\/revistazetta.com\/wp-content\/uploads\/2018\/04\/2018-04-12-PHOTO-00000049-100x75.jpg 100w, https:\/\/revistazetta.com\/wp-content\/uploads\/2018\/04\/2018-04-12-PHOTO-00000049.jpg 960w\" sizes=\"auto, (max-width: 300px) 100vw, 300px\" \/><p id=\"caption-attachment-25608\" class=\"wp-caption-text\">Un\u00bbpeladero\u00bb es actualmente la cancha del estadio Jaime Mor\u00f3n.<\/p><\/div>\n<div id=\"attachment_25609\" style=\"width: 310px\" class=\"wp-caption alignright\"><img loading=\"lazy\" decoding=\"async\" aria-describedby=\"caption-attachment-25609\" class=\"wp-image-25609 size-medium\" src=\"https:\/\/www.revistazetta.com\/wp-content\/uploads\/2018\/04\/2018-04-12-PHOTO-00000054-300x225.jpg\" alt=\"\" width=\"300\" height=\"225\" srcset=\"https:\/\/revistazetta.com\/wp-content\/uploads\/2018\/04\/2018-04-12-PHOTO-00000054-300x225.jpg 300w, https:\/\/revistazetta.com\/wp-content\/uploads\/2018\/04\/2018-04-12-PHOTO-00000054-195x146.jpg 195w, https:\/\/revistazetta.com\/wp-content\/uploads\/2018\/04\/2018-04-12-PHOTO-00000054-50x37.jpg 50w, https:\/\/revistazetta.com\/wp-content\/uploads\/2018\/04\/2018-04-12-PHOTO-00000054-100x75.jpg 100w, https:\/\/revistazetta.com\/wp-content\/uploads\/2018\/04\/2018-04-12-PHOTO-00000054.jpg 720w\" sizes=\"auto, (max-width: 300px) 100vw, 300px\" \/><p id=\"caption-attachment-25609\" class=\"wp-caption-text\">As\u00ed luc\u00eda hace un a\u00f1o.<\/p><\/div>\n<div id=\"attachment_25607\" style=\"width: 310px\" class=\"wp-caption alignright\"><img loading=\"lazy\" decoding=\"async\" aria-describedby=\"caption-attachment-25607\" class=\"wp-image-25607 size-medium\" src=\"https:\/\/www.revistazetta.com\/wp-content\/uploads\/2018\/04\/2018-04-12-PHOTO-00000048-300x225.jpg\" alt=\"\" width=\"300\" height=\"225\" srcset=\"https:\/\/revistazetta.com\/wp-content\/uploads\/2018\/04\/2018-04-12-PHOTO-00000048-300x225.jpg 300w, https:\/\/revistazetta.com\/wp-content\/uploads\/2018\/04\/2018-04-12-PHOTO-00000048-195x146.jpg 195w, https:\/\/revistazetta.com\/wp-content\/uploads\/2018\/04\/2018-04-12-PHOTO-00000048-50x38.jpg 50w, https:\/\/revistazetta.com\/wp-content\/uploads\/2018\/04\/2018-04-12-PHOTO-00000048-100x75.jpg 100w, https:\/\/revistazetta.com\/wp-content\/uploads\/2018\/04\/2018-04-12-PHOTO-00000048.jpg 960w\" sizes=\"auto, (max-width: 300px) 100vw, 300px\" \/><p id=\"caption-attachment-25607\" class=\"wp-caption-text\">El director del Ider, Am\u00edn D\u00edaz, debe reaccionar y recuperar el escenario.<\/p><\/div>\n<div id=\"attachment_25606\" style=\"width: 310px\" class=\"wp-caption alignright\"><img loading=\"lazy\" decoding=\"async\" aria-describedby=\"caption-attachment-25606\" class=\"wp-image-25606 size-medium\" src=\"https:\/\/www.revistazetta.com\/wp-content\/uploads\/2018\/04\/2018-04-12-PHOTO-00000044-300x225.jpg\" alt=\"\" width=\"300\" height=\"225\" srcset=\"https:\/\/revistazetta.com\/wp-content\/uploads\/2018\/04\/2018-04-12-PHOTO-00000044-300x225.jpg 300w, https:\/\/revistazetta.com\/wp-content\/uploads\/2018\/04\/2018-04-12-PHOTO-00000044-1024x768.jpg 1024w, https:\/\/revistazetta.com\/wp-content\/uploads\/2018\/04\/2018-04-12-PHOTO-00000044-195x146.jpg 195w, https:\/\/revistazetta.com\/wp-content\/uploads\/2018\/04\/2018-04-12-PHOTO-00000044-50x38.jpg 50w, https:\/\/revistazetta.com\/wp-content\/uploads\/2018\/04\/2018-04-12-PHOTO-00000044-100x75.jpg 100w, https:\/\/revistazetta.com\/wp-content\/uploads\/2018\/04\/2018-04-12-PHOTO-00000044.jpg 1032w\" sizes=\"auto, (max-width: 300px) 100vw, 300px\" \/><p id=\"caption-attachment-25606\" class=\"wp-caption-text\">Impecable luce el estadio \u00abDiego Carvajal\u00bb de Magangu\u00e9. As\u00ed debe ser el mantenimiento de un escenario deportivo.<\/p><\/div>\n","protected":false},"excerpt":{"rendered":"<p>La comunidad deportiva de Cartagena prendi\u00f3 las alarmas por el lamentable estado en que se encuentra el estadio de f\u00fatbol \u00abJaime Mor\u00f3n\u00bb. La gramilla est\u00e1 quemada y desgastada, con inmensos baches pelados; las tribunas y parte interior est\u00e1 absolutamente desaseada, y varios rincones han sido tomados como ba\u00f1os p\u00fablicos, con f\u00e9tidos olores. La responsabilidad es del Instituto Distrital de Deportes y Recreaci\u00f3n. Se espera la reacci\u00f3n de su director, Am\u00edn D\u00edaz. En contraste, el estadio \u00abDiego Carvajal\u00bb de Magangu\u00e9 luce impecable, como siempre deben mantenerse los escenarios deportivos.<\/p>\n","protected":false},"author":3,"featured_media":25610,"comment_status":"open","ping_status":"closed","sticky":false,"template":"","format":"standard","meta":{"footnotes":"","_links_to":"","_links_to_target":""},"categories":[53,75,54],"tags":[],"class_list":["post-25604","post","type-post","status-publish","format-standard","has-post-thumbnail","hentry","category-deportes","category-destacada","category-futbol"],"_links":{"self":[{"href":"https:\/\/revistazetta.com\/index.php?rest_route=\/wp\/v2\/posts\/25604","targetHints":{"allow":["GET"]}}],"collection":[{"href":"https:\/\/revistazetta.com\/index.php?rest_route=\/wp\/v2\/posts"}],"about":[{"href":"https:\/\/revistazetta.com\/index.php?rest_route=\/wp\/v2\/types\/post"}],"author":[{"embeddable":true,"href":"https:\/\/revistazetta.com\/index.php?rest_route=\/wp\/v2\/users\/3"}],"replies":[{"embeddable":true,"href":"https:\/\/revistazetta.com\/index.php?rest_route=%2Fwp%2Fv2%2Fcomments&post=25604"}],"version-history":[{"count":0,"href":"https:\/\/revistazetta.com\/index.php?rest_route=\/wp\/v2\/posts\/25604\/revisions"}],"wp:featuredmedia":[{"embeddable":true,"href":"https:\/\/revistazetta.com\/index.php?rest_route=\/wp\/v2\/media\/25610"}],"wp:attachment":[{"href":"https:\/\/revistazetta.com\/index.php?rest_route=%2Fwp%2Fv2%2Fmedia&parent=25604"}],"wp:term":[{"taxonomy":"category","embeddable":true,"href":"https:\/\/revistazetta.com\/index.php?rest_route=%2Fwp%2Fv2%2Fcategories&post=25604"},{"taxonomy":"post_tag","embeddable":true,"href":"https:\/\/revistazetta.com\/index.php?rest_route=%2Fwp%2Fv2%2Ftags&post=25604"}],"curies":[{"name":"wp","href":"https:\/\/api.w.org\/{rel}","templated":true}]}}