{"id":25611,"date":"2018-04-12T18:22:14","date_gmt":"2018-04-12T23:22:14","guid":{"rendered":"http:\/\/www.revistazetta.com\/?p=25611"},"modified":"2018-04-12T18:24:58","modified_gmt":"2018-04-12T23:24:58","slug":"escogidos-afiche-cancion-las-fiestas-independencia","status":"publish","type":"post","link":"https:\/\/revistazetta.com\/?p=25611","title":{"rendered":"Escogidos afiche y canci\u00f3n de las Fiestas de Independencia"},"content":{"rendered":"<div id=\"attachment_25613\" style=\"width: 198px\" class=\"wp-caption alignright\"><img loading=\"lazy\" decoding=\"async\" aria-describedby=\"caption-attachment-25613\" class=\"wp-image-25613 size-medium\" src=\"https:\/\/www.revistazetta.com\/wp-content\/uploads\/2018\/04\/Jorge-otero-rostro-vert-188x300.jpg\" alt=\"\" width=\"188\" height=\"300\" srcset=\"https:\/\/revistazetta.com\/wp-content\/uploads\/2018\/04\/Jorge-otero-rostro-vert-188x300.jpg 188w, https:\/\/revistazetta.com\/wp-content\/uploads\/2018\/04\/Jorge-otero-rostro-vert-91x146.jpg 91w, https:\/\/revistazetta.com\/wp-content\/uploads\/2018\/04\/Jorge-otero-rostro-vert-31x50.jpg 31w, https:\/\/revistazetta.com\/wp-content\/uploads\/2018\/04\/Jorge-otero-rostro-vert-47x75.jpg 47w, https:\/\/revistazetta.com\/wp-content\/uploads\/2018\/04\/Jorge-otero-rostro-vert.jpg 480w\" sizes=\"auto, (max-width: 188px) 100vw, 188px\" \/><p id=\"caption-attachment-25613\" class=\"wp-caption-text\">Maestro Jorge Daniel Otero Manchego, autor del tema musical.<\/p><\/div>\n<div id=\"attachment_25614\" style=\"width: 225px\" class=\"wp-caption alignright\"><img loading=\"lazy\" decoding=\"async\" aria-describedby=\"caption-attachment-25614\" class=\"wp-image-25614 size-medium\" src=\"https:\/\/www.revistazetta.com\/wp-content\/uploads\/2018\/04\/Afiche-Independencia-215x300.jpg\" alt=\"\" width=\"215\" height=\"300\" srcset=\"https:\/\/revistazetta.com\/wp-content\/uploads\/2018\/04\/Afiche-Independencia-215x300.jpg 215w, https:\/\/revistazetta.com\/wp-content\/uploads\/2018\/04\/Afiche-Independencia-105x146.jpg 105w, https:\/\/revistazetta.com\/wp-content\/uploads\/2018\/04\/Afiche-Independencia-36x50.jpg 36w, https:\/\/revistazetta.com\/wp-content\/uploads\/2018\/04\/Afiche-Independencia-54x75.jpg 54w, https:\/\/revistazetta.com\/wp-content\/uploads\/2018\/04\/Afiche-Independencia.jpg 480w\" sizes=\"auto, (max-width: 215px) 100vw, 215px\" \/><p id=\"caption-attachment-25614\" class=\"wp-caption-text\">Cristian David de la Parra Puello gan\u00f3 con el dise\u00f1o \u00a1Baila, r\u00ede y grita Independencia!<\/p><\/div>\n<p>La Alcald\u00eda de Cartagena y el Instituto de Patrimonio y Cultura de Cartagena (IPCC) informan que el ganador del tema musical de Fiestas de Independencia es Jorge Daniel Otero Manchego, con la canci\u00f3n \u201c<strong>Voy a Gozar\u201d<\/strong> y el ganador de la imagen oficial es Cristian David de la Parra Puello con el dise\u00f1o \u00a1<strong>Baila, r\u00ede y grita Independencia!<\/strong><\/p>\n<p>El jurado calificador que escogi\u00f3 la imagen oficial, lineamiento gr\u00e1fico de las Fiestas de Independencia 2018, estuvo conformado por Maritza Z\u00fa\u00f1iga Orozco, Ruben Egea Amador y Rafael Acevedo Puello. Ellos escogieron al ganador de entre ocho propuestas habilitadas en la convocatoria.<\/p>\n<p>Boris Garc\u00eda Figueroa, Miguel Palacio Vergara y Ricardo Zabaleta Puello escogieron el nuevo tema musical de Fiestas de Independencia entre cinco propuestas habilitadas.<\/p>\n<p>Cada ganador recibir\u00e1 un premio de 5\u2019000.0000 (CINCO MILLONES DE PESOS) por parte del Instituto de Patrimonio y Cultura de Cartagena (IPCC).<\/p>\n<p>Para esta convocatoria, que se realiz\u00f3 del 22 de febrero al 20 de marzo de 2018, IPCC invit\u00f3 a todas las personas interesadas con el siguiente perfil: artistas pl\u00e1sticos, visuales, dise\u00f1adores y m\u00fasicos, interpretes, compositores a participar de la convocatoria para seleccionar el desarrollo de la Imagen Oficial, Lineamiento Gr\u00e1fico y el Tema Musical por medio de la cual se promocionar\u00e1n las FIESTAS DE INDEPENDENCIA DE CARTAGENA DE INDIAS 2018.<\/p>\n<p>La invitaci\u00f3n fue basada en los preceptos constitucionales que profesan los art\u00edculos 8 y 70 y dem\u00e1s disposiciones legales y reglamentarias como la ley 397 de 1997 y el Decreto \u00fanico reglamentario del sector cultura No. 1080 de 2015 y el Acuerdo 001 de 2003, con lo cual se busca principalmente promover la participaci\u00f3n de los artistas pl\u00e1sticos y visuales, y dise\u00f1adores.<\/p>\n<p>La convocatoria de la imagen oficial y el lineamiento gr\u00e1fico busc\u00f3 estimular la creaci\u00f3n en el campo del arte y generar condiciones para su ejercicio, convocando a dise\u00f1adores, artistas pl\u00e1sticos y visuales, dise\u00f1adores y m\u00fasicos, interpretes para dise\u00f1ar la Imagen Oficial, el Lineamiento Gr\u00e1fico y el Tema Musical que se utilizar\u00e1 en las FIESTAS DE INDEPENDENCIA DE CARTAGENA DE INDIAS 2018.<\/p>\n<p><a href=\"https:\/\/ipcc.us9.list-manage.com\/track\/click?u=55c618b80fcd05c0ad980f4cc&amp;id=dc964b04ea&amp;e=e9466fa7cd\" target=\"_blank\" rel=\"noopener\" data-saferedirecturl=\"https:\/\/www.google.com\/url?hl=es&amp;q=https:\/\/ipcc.us9.list-manage.com\/track\/click?u%3D55c618b80fcd05c0ad980f4cc%26id%3Ddc964b04ea%26e%3De9466fa7cd&amp;source=gmail&amp;ust=1523660906132000&amp;usg=AFQjCNGOIH_xa9EQGlyh6emE_IyzCO5kqw\"><strong>LETRA<\/strong><\/a><\/p>\n<p>\u00a1VOY A GOZAR!<br \/>\nI<br \/>\nLleg\u00f3 el 11 de noviembre<br \/>\ny me lo voy a gozar<br \/>\nla mejor fiesta del a\u00f1o<br \/>\nhecha a la orilla del mar.<br \/>\nLas fiestas de independencia<br \/>\norgullo cartagenero<br \/>\nnuestra cultura y las reinas<br \/>\nlas ven en el mundo entero.<br \/>\nCoro<br \/>\nVoy a gozar<br \/>\nVoy a bailar<br \/>\nlas fiestas de independencia<br \/>\nme las gozo sin parar<br \/>\nVoy a gozar<br \/>\nY a amanece\u2019<br \/>\nrecordando a \u201cSon Cartagena\u201d<br \/>\ny que suene \u201cEl Buscapi\u00e9\u201d<br \/>\nII<br \/>\nLos cabildos por los barrios<br \/>\nuna fiesta pa\u2019 vivir<br \/>\ndesde Crespo a Flor del Campo<br \/>\ny el del gran Getseman\u00ed<br \/>\ncabildo de las Gaviotas<br \/>\ntambi\u00e9n por Chiquinquir\u00e1<br \/>\ny despu\u00e9s vamos pal bando<br \/>\nTronco e\u2019 fiestas y hasta m\u00e1s!!!<br \/>\nCoro<br \/>\nVoy a gozar<br \/>\nY amanece\u2019<br \/>\nSi me tocan Pie Pelu\u2019o<br \/>\nSe va Se va y Cund\u00e9 Cund\u00e9<br \/>\nVoy a gozar<br \/>\nA toda hora<br \/>\nY en las fiestas de independencia<br \/>\nQue se forma la hora loca !!<br \/>\nGueeeeeeeepaaaaa!<br \/>\nCoro<br \/>\nVoy a gozar<br \/>\nVoy a bailar<br \/>\nlas fiestas de independencia<br \/>\nme las gozo sin parar<br \/>\nVoy a gozar<br \/>\nY a amanece\u2019<br \/>\ny los invitamos a disfrutar \u2026<br \/>\nLAS FIESTAS DE INDEPENDENCIAAA!!!<\/p>\n<p>&nbsp;<\/p>\n<p><strong>INICIAN MESAS PARA CONTRUCCI\u00d3N DEL PES<\/strong><\/p>\n<p>Tras un arduo proceso liderado por el gobierno distrital y el Instituto de Patrimonio y Cultura de Cartagena (IPCC), en el 2017, el Consejo Nacional de Patrimonio Cultural (CNPC) del Ministerio de Cultura de Colombia, dio aval para la postulaci\u00f3n de las <strong>Fiestas de Independencia en la<\/strong> <strong>Lista Representativa de Patrimonio Cultural Inmaterial en el \u00e1mbito nacional<\/strong>.<\/p>\n<p>El siguiente requisito para lograr esta meta, es la formulaci\u00f3n del Plan Especial de Salvaguardia (PES) documento colectivo que depositar\u00e1 las acciones que defender\u00e1n y proteger\u00e1n esta manifestaci\u00f3n cultural. Es por ello, que el IPCC, liderado por la directora Berta Arnedo, pone en marcha las mesas de trabajo y socializaci\u00f3n para la construcci\u00f3n de este importante instrumento.<\/p>\n<p>Estos encuentros se realizar\u00e1n con la Fundaci\u00f3n Giman\u00ed Cultural, el comit\u00e9 de Revitalizaci\u00f3n de las Fiestas de Independencia, presidentes de JAC, Ministerio de Cultura, academia, hacedores, consejos de \u00e1reas, instituciones, cabildos y desfiles, empresarios, medios de comunicaci\u00f3n, entre muchos m\u00e1s actores; cuya participaci\u00f3n ser\u00e1 esencial para la definici\u00f3n de este importante proceso que tenga como resultado la salvaguarda de la fiesta m\u00e1s importante de la ciudad.<\/p>\n<p>IPCC invita de manera especial a la ciudadan\u00eda a participar de manera activa en el proceso de declaraci\u00f3n patrimonial de las Fiestas de Independencia.<\/p>\n<p><strong>Arranca la agenda festiva<\/strong><\/p>\n<p>Con la imagen oficial y tema musical de Fiestas de Independencia 2018, inicia la agenda festiva, que al igual que el a\u00f1o pasado, contemplar\u00e1 la visita a colegios, instituciones, bibliotecas, centros culturales,\u00a0 universidades y dem\u00e1s, con el fin de llevar un mensaje pedag\u00f3gico en torno a las fiestas de noviembre, a partir del 15 de abril del presente a\u00f1o.<\/p>\n<p>\u201cEl proceso de pedagog\u00eda festiva incluir\u00e1 esas acciones de cara al PES, taller de maquillaje festivo, equipo de comunicaciones IPCC, el proyecto \u201cAquelarre de Independencia\u201d que tiene como objetivo fortalecer el empoderamiento y la resiliencia en las mujeres participantes del Reinado de Independencia, reconociendo su papel como multiplicadoras en la prevenci\u00f3n de las m\u00faltiples formas de violencia que afectan especialmente a las mujeres\u201d, agreg\u00f3 la directora de IPCC, Berta Arnedo.<\/p>\n","protected":false},"excerpt":{"rendered":"<p>La Alcald\u00eda de Cartagena y el Instituto de Patrimonio y Cultura de Cartagena (IPCC) informan que el ganador del tema musical de Fiestas de Independencia es Jorge Daniel Otero Manchego, con la canci\u00f3n \u201cVoy a Gozar\u201d y el ganador de la imagen oficial es Cristian David de la Parra Puello con el dise\u00f1o \u00a1Baila, r\u00ede y grita Independencia! El jurado calificador que escogi\u00f3 la imagen oficial, lineamiento gr\u00e1fico de las Fiestas de Independencia 2018, estuvo conformado por Maritza Z\u00fa\u00f1iga Orozco, Ruben Egea Amador y Rafael Acevedo Puello. Ellos escogieron al&#8230; <\/p>\n","protected":false},"author":3,"featured_media":25612,"comment_status":"open","ping_status":"closed","sticky":false,"template":"","format":"standard","meta":{"footnotes":"","_links_to":"","_links_to_target":""},"categories":[41,75],"tags":[],"class_list":["post-25611","post","type-post","status-publish","format-standard","has-post-thumbnail","hentry","category-cultura","category-destacada"],"_links":{"self":[{"href":"https:\/\/revistazetta.com\/index.php?rest_route=\/wp\/v2\/posts\/25611","targetHints":{"allow":["GET"]}}],"collection":[{"href":"https:\/\/revistazetta.com\/index.php?rest_route=\/wp\/v2\/posts"}],"about":[{"href":"https:\/\/revistazetta.com\/index.php?rest_route=\/wp\/v2\/types\/post"}],"author":[{"embeddable":true,"href":"https:\/\/revistazetta.com\/index.php?rest_route=\/wp\/v2\/users\/3"}],"replies":[{"embeddable":true,"href":"https:\/\/revistazetta.com\/index.php?rest_route=%2Fwp%2Fv2%2Fcomments&post=25611"}],"version-history":[{"count":0,"href":"https:\/\/revistazetta.com\/index.php?rest_route=\/wp\/v2\/posts\/25611\/revisions"}],"wp:featuredmedia":[{"embeddable":true,"href":"https:\/\/revistazetta.com\/index.php?rest_route=\/wp\/v2\/media\/25612"}],"wp:attachment":[{"href":"https:\/\/revistazetta.com\/index.php?rest_route=%2Fwp%2Fv2%2Fmedia&parent=25611"}],"wp:term":[{"taxonomy":"category","embeddable":true,"href":"https:\/\/revistazetta.com\/index.php?rest_route=%2Fwp%2Fv2%2Fcategories&post=25611"},{"taxonomy":"post_tag","embeddable":true,"href":"https:\/\/revistazetta.com\/index.php?rest_route=%2Fwp%2Fv2%2Ftags&post=25611"}],"curies":[{"name":"wp","href":"https:\/\/api.w.org\/{rel}","templated":true}]}}