{"id":25620,"date":"2018-04-12T23:27:22","date_gmt":"2018-04-13T04:27:22","guid":{"rendered":"http:\/\/www.revistazetta.com\/?p=25620"},"modified":"2018-04-12T23:27:22","modified_gmt":"2018-04-13T04:27:22","slug":"no-no-no-le-dicen-ocho-solicitudes-sustituir-concejales-suspendidos","status":"publish","type":"post","link":"https:\/\/revistazetta.com\/?p=25620","title":{"rendered":"No, no y no le dicen a ocho solicitudes para sustituir concejales suspendidos"},"content":{"rendered":"<p>Un \u201carticulito\u201d ha sido suficiente para negar ocho veces las pretensiones de quienes solicitan que los llamen para reemplazar a concejales suspendidos de Cartagena.<\/p>\n<p>Invocando el art\u00edculo 134 de la Constituci\u00f3n Pol\u00edtica, modificado por el acto legislativo 02\/20151, el presidente del Concejo de Cartagena, Wilson Toncel Ochoa, ha respondido sendos derechos de petici\u00f3n de pol\u00edticos que solicitan los llamen para ocupar las \u201csillas vac\u00edas\u201d, pues les siguen en votaci\u00f3n.<\/p>\n<p>Todas las respuestas son iguales: en los casos de vacancia temporal por imputaci\u00f3n de cargos y medida de aseguramiento por delitos contra la administraci\u00f3n p\u00fablica, no hay lugar a reemplazo. En otras palabras, hay silla vac\u00eda.<\/p>\n<p>Estos son los concejales suspendidos y quienes han pedido su curul:<\/p>\n<p>Duvinia Torres \u2013 Jos\u00e9 Manuel Anaya Donado (Partido de la U).<\/p>\n<p>Salim Guerra y Luis Cassiani \u2013 Dagoberto Mac\u00edas Cabrera y Sen\u00e9n Jaraba Col\u00f3n (Cambio Radical).<\/p>\n<p>Erich Pi\u00f1a \u2013 Boris Anaya Lorduy (Partido Liberal).<\/p>\n<p>William P\u00e9rez \u2013 Alberto Bernal (Partido de la U).<\/p>\n<p>Edgar Mendoza \u2013 Libardo D\u00edaz Mart\u00ednez (Partido Conservador).<\/p>\n<p>Am\u00e9rico Mendoza \u2013 Germ\u00e1n Zapata (Partido ASI).<\/p>\n<p>Ronald Fortich \u2013 Judith D\u00edaz (Cartagena Confirmas)<\/p>\n<p>La mayor\u00eda de las peticiones fueron radicadas el 28 de marzo y respondidas el 2 de abril por el presidente del Concejo, Wilson Toncel Ochoa.<\/p>\n<p>Este rev\u00e9s se suma al de Erasmo Alc\u00e1zar Mel\u00e9ndez, a quien el Tribunal Superior del Distrito Judicial le rechaz\u00f3 una tutela al considerar improcedente su pretensi\u00f3n de ser nombrado como concejal en el distrito de Cartagena, ante \u00abla silla vac\u00eda\u00bb declarada a los concejales a los que un juez env\u00edo a la casa por c\u00e1rcel.<\/p>\n<p>Alc\u00e1zar pretend\u00eda ser concejal ya que seg\u00fan \u00e9l, qued\u00f3 muy cerca de obtener una curul en las pasadas elecciones, en donde aspir\u00f3 por el partido \u00abOpci\u00f3n Ciudadana\u00bb. Seg\u00fan consign\u00f3 en la tutela, por la detenci\u00f3n de los concejales, el cabildo no puede convocar sesiones ordinarias ni extraordinarias por no existir quorum, y solicita \u00abser nombrado como concejal en forma provisional\u00bb.<\/p>\n<p>El Tribunal consider\u00f3 improcedente la acci\u00f3n, explicando que no es la tutela el mecanismo adecuado para la solicitud, que debe tramitarse en lo contencioso administrativo. Se\u00f1al\u00f3 que tampoco hay una solicitud formal de Erasmo Alc\u00e1zar al Concejo Distrital, que deber\u00eda ser el primer paso antes de una acci\u00f3n judicial.<\/p>\n","protected":false},"excerpt":{"rendered":"<p>Un \u201carticulito\u201d ha sido suficiente para negar ocho veces las pretensiones de quienes solicitan que los llamen para reemplazar a concejales suspendidos de Cartagena. Invocando el art\u00edculo 134 de la Constituci\u00f3n Pol\u00edtica, modificado por el acto legislativo 02\/20151, el presidente del Concejo de Cartagena, Wilson Toncel Ochoa, ha respondido sendos derechos de petici\u00f3n de pol\u00edticos que solicitan los llamen para ocupar las \u201csillas vac\u00edas\u201d, pues les siguen en votaci\u00f3n. Todas las respuestas son iguales: en los casos de vacancia temporal por imputaci\u00f3n de cargos y medida de aseguramiento por delitos&#8230; <\/p>\n","protected":false},"author":3,"featured_media":25621,"comment_status":"open","ping_status":"closed","sticky":false,"template":"","format":"standard","meta":{"footnotes":"","_links_to":"","_links_to_target":""},"categories":[75,27,4],"tags":[],"class_list":["post-25620","post","type-post","status-publish","format-standard","has-post-thumbnail","hentry","category-destacada","category-politicaconcejo","category-politica"],"_links":{"self":[{"href":"https:\/\/revistazetta.com\/index.php?rest_route=\/wp\/v2\/posts\/25620","targetHints":{"allow":["GET"]}}],"collection":[{"href":"https:\/\/revistazetta.com\/index.php?rest_route=\/wp\/v2\/posts"}],"about":[{"href":"https:\/\/revistazetta.com\/index.php?rest_route=\/wp\/v2\/types\/post"}],"author":[{"embeddable":true,"href":"https:\/\/revistazetta.com\/index.php?rest_route=\/wp\/v2\/users\/3"}],"replies":[{"embeddable":true,"href":"https:\/\/revistazetta.com\/index.php?rest_route=%2Fwp%2Fv2%2Fcomments&post=25620"}],"version-history":[{"count":0,"href":"https:\/\/revistazetta.com\/index.php?rest_route=\/wp\/v2\/posts\/25620\/revisions"}],"wp:featuredmedia":[{"embeddable":true,"href":"https:\/\/revistazetta.com\/index.php?rest_route=\/wp\/v2\/media\/25621"}],"wp:attachment":[{"href":"https:\/\/revistazetta.com\/index.php?rest_route=%2Fwp%2Fv2%2Fmedia&parent=25620"}],"wp:term":[{"taxonomy":"category","embeddable":true,"href":"https:\/\/revistazetta.com\/index.php?rest_route=%2Fwp%2Fv2%2Fcategories&post=25620"},{"taxonomy":"post_tag","embeddable":true,"href":"https:\/\/revistazetta.com\/index.php?rest_route=%2Fwp%2Fv2%2Ftags&post=25620"}],"curies":[{"name":"wp","href":"https:\/\/api.w.org\/{rel}","templated":true}]}}