{"id":25623,"date":"2018-04-12T23:29:09","date_gmt":"2018-04-13T04:29:09","guid":{"rendered":"http:\/\/www.revistazetta.com\/?p=25623"},"modified":"2018-04-12T23:29:09","modified_gmt":"2018-04-13T04:29:09","slug":"orbita-politica-john-zamora-viernes-13-abril","status":"publish","type":"post","link":"https:\/\/revistazetta.com\/?p=25623","title":{"rendered":"\u00d3rbita Pol\u00edtica de John Zamora \u2013 viernes 13 de abril"},"content":{"rendered":"<p><strong>Gran encuentro con Viana<\/strong><\/p>\n<p>Lo ve\u00edamos solo en foros y en cafeter\u00edas. Ahora lo veremos con la gente, metido en campa\u00f1a, y es as\u00ed como el candidato a la Alcald\u00eda Germ\u00e1n Viana Guerrero, exconcejal y excongresista, est\u00e1 invitando a un encuentro con l\u00edderes comunales, j\u00f3venes, estudiantes y \u201ccartageneros interesados en construir una mejor Cartagena\u201d.<\/p>\n<p>De paso, estrenar\u00e1 sede: en el barrio Los \u00c1ngeles, diagonal 71 con av. Pedro de Heredia (4\u00ba piso de la discoteca Luxury), este viernes 13 de abril, a las 4 de la tarde.<\/p>\n<p>&nbsp;<\/p>\n<p><strong>Camiseta de Quinto<\/strong><\/p>\n<p>Todos los candidatos se disputan el voto de los cartageneros, con estrategias y propuestas, pero no hay duda que el premio a la mejor camiseta se lo est\u00e1 llevando Quinto Guerra, que luci\u00f3 en el encuentro con dirigentes deportivos. Original y a la medida.<\/p>\n<p>&nbsp;<\/p>\n<p><strong>El fandango no muere<\/strong><\/p>\n<p>En los a\u00f1os 30 del siglo pasado, un joven m\u00fasico nacido en El Carmen y procedente de la banda de Aracataca, lleg\u00f3 a Cartagena y descoll\u00f3 por su genialidad para la composici\u00f3n, el\u00a0 arreglo y la direcci\u00f3n orquestal. Adem\u00e1s era un superdotado en la ejecuci\u00f3n del clarinete. Era Lucho Berm\u00fadez.<\/p>\n<p>Por ese camino anda un joven maestro de la m\u00fasica, nacido en San Marcos (Sucre), y llegado a Cartagena para estudiar en Bellas Artes, donde se gradu\u00f3 con honores y ahora sigue all\u00ed vinculado como docente, y dirige la galardonada banda Armon\u00edas de Bol\u00edvar. Adem\u00e1s, es un superdotado para la ejecuci\u00f3n del clarinete: es Jorge Daniel Otero Manchego.<\/p>\n<p>El maestro Otero se present\u00f3 en la convocatoria del IPCC para escoger el tema musical de las Fiestas de Independencia, y gan\u00f3 con un portentoso fandango, de exquisitos arreglos orquestales, llamado \u201cVoy a gozar\u201d. Yo escuch\u00e9 un \u201cdemo\u201d y me pareci\u00f3 FFF: formidable, fenomenal y fant\u00e1stico. \u00a1Lo recomiendo! Pronto se har\u00e1 su presentaci\u00f3n oficial y todos podr\u00e1n escucharlo y disfrutarlo.<\/p>\n","protected":false},"excerpt":{"rendered":"<p>Gran encuentro con Viana Lo ve\u00edamos solo en foros y en cafeter\u00edas. Ahora lo veremos con la gente, metido en campa\u00f1a, y es as\u00ed como el candidato a la Alcald\u00eda Germ\u00e1n Viana Guerrero, exconcejal y excongresista, est\u00e1 invitando a un encuentro con l\u00edderes comunales, j\u00f3venes, estudiantes y \u201ccartageneros interesados en construir una mejor Cartagena\u201d. De paso, estrenar\u00e1 sede: en el barrio Los \u00c1ngeles, diagonal 71 con av. Pedro de Heredia (4\u00ba piso de la discoteca Luxury), este viernes 13 de abril, a las 4 de la tarde. &nbsp; Camiseta de&#8230; <\/p>\n","protected":false},"author":3,"featured_media":25622,"comment_status":"open","ping_status":"closed","sticky":false,"template":"","format":"standard","meta":{"footnotes":"","_links_to":"","_links_to_target":""},"categories":[75,47,44,45],"tags":[],"class_list":["post-25623","post","type-post","status-publish","format-standard","has-post-thumbnail","hentry","category-destacada","category-john-zamora","category-materiagris","category-orbita"],"_links":{"self":[{"href":"https:\/\/revistazetta.com\/index.php?rest_route=\/wp\/v2\/posts\/25623","targetHints":{"allow":["GET"]}}],"collection":[{"href":"https:\/\/revistazetta.com\/index.php?rest_route=\/wp\/v2\/posts"}],"about":[{"href":"https:\/\/revistazetta.com\/index.php?rest_route=\/wp\/v2\/types\/post"}],"author":[{"embeddable":true,"href":"https:\/\/revistazetta.com\/index.php?rest_route=\/wp\/v2\/users\/3"}],"replies":[{"embeddable":true,"href":"https:\/\/revistazetta.com\/index.php?rest_route=%2Fwp%2Fv2%2Fcomments&post=25623"}],"version-history":[{"count":0,"href":"https:\/\/revistazetta.com\/index.php?rest_route=\/wp\/v2\/posts\/25623\/revisions"}],"wp:featuredmedia":[{"embeddable":true,"href":"https:\/\/revistazetta.com\/index.php?rest_route=\/wp\/v2\/media\/25622"}],"wp:attachment":[{"href":"https:\/\/revistazetta.com\/index.php?rest_route=%2Fwp%2Fv2%2Fmedia&parent=25623"}],"wp:term":[{"taxonomy":"category","embeddable":true,"href":"https:\/\/revistazetta.com\/index.php?rest_route=%2Fwp%2Fv2%2Fcategories&post=25623"},{"taxonomy":"post_tag","embeddable":true,"href":"https:\/\/revistazetta.com\/index.php?rest_route=%2Fwp%2Fv2%2Ftags&post=25623"}],"curies":[{"name":"wp","href":"https:\/\/api.w.org\/{rel}","templated":true}]}}