{"id":25646,"date":"2018-04-16T07:26:59","date_gmt":"2018-04-16T12:26:59","guid":{"rendered":"http:\/\/www.revistazetta.com\/?p=25646"},"modified":"2018-04-16T07:26:59","modified_gmt":"2018-04-16T12:26:59","slug":"desfinanciacion-del-plan-drenajes-pluviales-preocupa-al-concejo","status":"publish","type":"post","link":"https:\/\/revistazetta.com\/?p=25646","title":{"rendered":"Desfinanciaci\u00f3n del Plan de Drenajes Pluviales preocupa al Concejo"},"content":{"rendered":"<p>El Concejo de Cartagena en sesi\u00f3n del domingo manifest\u00f3 su preocupaci\u00f3n por el fallo del Tribunal Administrativo de Bol\u00edvar que obliga a Edurbe a devolver los recursos destinados para el Plan de Drenajes Pluviales.<\/p>\n<p>Los cabildantes fueron enf\u00e1ticos en afirmar que este macroproyecto es uno de los de mayor importancia para la ciudad, y encierra los sue\u00f1os y anhelos de la mayor\u00eda de los cartageneros que sufren por las inundaciones en temporadas de lluvias.<\/p>\n<p>El concejal Javier Curi asegur\u00f3 que en Colombia son muchos los acuerdos que son declarados inexequibles, pero esas fallas pueden ser corregidas. \u201cTenemos que hacer un an\u00e1lisis y control del alcance que ha tenido el acuerdo hasta la fecha, qu\u00e9 transferencias se han hecho, c\u00f3mo va el proceso de ejecuci\u00f3n, lo cual es responsabilidad del Distrito. Adem\u00e1s,\u00a0 se deben conocer qu\u00e9 estrategias jur\u00eddicas van a tomar al respecto. No podemos permitir que este acuerdo se pierda, sobre todo para definir el alcantarillado pluvial de Cartagena\u201d, dijo Curi Osorio.<\/p>\n<p>Del mismo modo, el concejal Vicente Blel afirm\u00f3 que este fue el proyecto que m\u00e1s participaci\u00f3n tuvo en la audiencia p\u00fablica realizada en el barrio Las Palmeras, reflejando lo importante que es este macroproyecto para la ciudad\u201d. Seg\u00fan la estad\u00edsticas,la primera fase del Plan de Drenajes Pluviales\u00a0 beneficiar\u00eda a m\u00e1s de 300 mil personas que hoy viven cerca a los canales pluviales de nuestra ciudad, con afectaciones de salud y con la problem\u00e1tica de los riesgos padecen cada vez que llueve. Hoy el sue\u00f1o de ellos qued\u00f3 a la deriva, tenemos que priorizar este tema\u201d, puntualiz\u00f3 Blel Scaff.<\/p>\n<p>Por su parte, el presidente de la corporaci\u00f3n, Wilson Toncel Ochoa, manifest\u00f3 que los m\u00e1s afectados con el estancamiento de este macroproyecto ser\u00e1n los habientes de las zonas desafortunadas de Cartagena.<\/p>\n<p>Toncel Ochoa se refiri\u00f3 a las medidas que en algunos barrios se han venido desarrollando para contrarrestar las inundaciones, pero con la salvedad de que no todos los cartageneros cuentan con los recursos para realizar dichas obras.<\/p>\n<p>El concejal David Caballero Rodr\u00edguez<br \/>\nindic\u00f3 que en su momento todos los cabildantes disfrutaron de la aprobaci\u00f3n del Plan de Drenajes Pluviales y ve con infortunio como el Distrito no pudo defender de la mejor manera el sostenimiento del proyecto. Adem\u00e1s, hizo un llamado para que cuando los proyectos est\u00e9n en el Tribunal Administrativo de Bol\u00edvar, el Concejo Distrital sea informado de esta situaci\u00f3n.<\/p>\n","protected":false},"excerpt":{"rendered":"<p>El Concejo de Cartagena en sesi\u00f3n del domingo manifest\u00f3 su preocupaci\u00f3n por el fallo del Tribunal Administrativo de Bol\u00edvar que obliga a Edurbe a devolver los recursos destinados para el Plan de Drenajes Pluviales. Los cabildantes fueron enf\u00e1ticos en afirmar que este macroproyecto es uno de los de mayor importancia para la ciudad, y encierra los sue\u00f1os y anhelos de la mayor\u00eda de los cartageneros que sufren por las inundaciones en temporadas de lluvias. El concejal Javier Curi asegur\u00f3 que en Colombia son muchos los acuerdos que son declarados inexequibles,&#8230; <\/p>\n","protected":false},"author":3,"featured_media":25647,"comment_status":"open","ping_status":"closed","sticky":false,"template":"","format":"standard","meta":{"footnotes":"","_links_to":"","_links_to_target":""},"categories":[75,27,4],"tags":[],"class_list":["post-25646","post","type-post","status-publish","format-standard","has-post-thumbnail","hentry","category-destacada","category-politicaconcejo","category-politica"],"_links":{"self":[{"href":"https:\/\/revistazetta.com\/index.php?rest_route=\/wp\/v2\/posts\/25646","targetHints":{"allow":["GET"]}}],"collection":[{"href":"https:\/\/revistazetta.com\/index.php?rest_route=\/wp\/v2\/posts"}],"about":[{"href":"https:\/\/revistazetta.com\/index.php?rest_route=\/wp\/v2\/types\/post"}],"author":[{"embeddable":true,"href":"https:\/\/revistazetta.com\/index.php?rest_route=\/wp\/v2\/users\/3"}],"replies":[{"embeddable":true,"href":"https:\/\/revistazetta.com\/index.php?rest_route=%2Fwp%2Fv2%2Fcomments&post=25646"}],"version-history":[{"count":0,"href":"https:\/\/revistazetta.com\/index.php?rest_route=\/wp\/v2\/posts\/25646\/revisions"}],"wp:featuredmedia":[{"embeddable":true,"href":"https:\/\/revistazetta.com\/index.php?rest_route=\/wp\/v2\/media\/25647"}],"wp:attachment":[{"href":"https:\/\/revistazetta.com\/index.php?rest_route=%2Fwp%2Fv2%2Fmedia&parent=25646"}],"wp:term":[{"taxonomy":"category","embeddable":true,"href":"https:\/\/revistazetta.com\/index.php?rest_route=%2Fwp%2Fv2%2Fcategories&post=25646"},{"taxonomy":"post_tag","embeddable":true,"href":"https:\/\/revistazetta.com\/index.php?rest_route=%2Fwp%2Fv2%2Ftags&post=25646"}],"curies":[{"name":"wp","href":"https:\/\/api.w.org\/{rel}","templated":true}]}}