{"id":25649,"date":"2018-04-16T07:33:37","date_gmt":"2018-04-16T12:33:37","guid":{"rendered":"http:\/\/www.revistazetta.com\/?p=25649"},"modified":"2018-04-16T07:34:46","modified_gmt":"2018-04-16T12:34:46","slug":"quinto-la-solucion-reabrir-mercado-santa-rita","status":"publish","type":"post","link":"https:\/\/revistazetta.com\/?p=25649","title":{"rendered":"Quinto tiene la soluci\u00f3n para reabrir el mercado de Santa Rita"},"content":{"rendered":"<p><b><img loading=\"lazy\" decoding=\"async\" class=\"alignright size-medium wp-image-25651\" src=\"https:\/\/www.revistazetta.com\/wp-content\/uploads\/2018\/04\/2018-04-13-PHOTO-00002365-300x188.jpg\" alt=\"\" width=\"300\" height=\"188\" srcset=\"https:\/\/revistazetta.com\/wp-content\/uploads\/2018\/04\/2018-04-13-PHOTO-00002365-300x188.jpg 300w, https:\/\/revistazetta.com\/wp-content\/uploads\/2018\/04\/2018-04-13-PHOTO-00002365-234x146.jpg 234w, https:\/\/revistazetta.com\/wp-content\/uploads\/2018\/04\/2018-04-13-PHOTO-00002365-50x31.jpg 50w, https:\/\/revistazetta.com\/wp-content\/uploads\/2018\/04\/2018-04-13-PHOTO-00002365-120x75.jpg 120w, https:\/\/revistazetta.com\/wp-content\/uploads\/2018\/04\/2018-04-13-PHOTO-00002365.jpg 768w\" sizes=\"auto, (max-width: 300px) 100vw, 300px\" \/><\/b>En el V \u00abDi\u00e1logo 24\/7\u00bb, realizado en el parque de Daniel Lemaitre, el candidato a la Alcald\u00eda, Antonio Quinto Guerra Varela, se comprometi\u00f3 a terminar los centros de salud inconclusos y a entregar el mercado de Santa Rita durante su gobierno.<\/p>\n<p>Con una participaci\u00f3n activa de la comunidad de Daniel Lemaitre y sectores aleda\u00f1os, dirigentes pidieron, de una vez por todas, la entrada en funcionamiento de Transcaribe, mejorar la seguridad y reconstruir los parques y zonas verdes del barrio.<\/p>\n<p>Policarpo Caraballo, presidente de la Junta de Acci\u00f3n Comunal (JAC) de Daniel Lemaitre y Juan Carlos Chiquillo, l\u00edder comunal del mismo, expresaron su preocupaci\u00f3n por la inseguridad que afecta a los habitantes de su barrio.<\/p>\n<p>\u00abEs la primera vez que un candidato a la Alcald\u00eda realiza este tipo de encuentros. Gracias por venir a escuchar a la gente, sin l\u00edmites de tiempo. Le informo que el tema de la inseguridad nos preocupa, especialmente en los ni\u00f1os y adolescentes. En Lemaitre vivimos azotados por la ola de robos en motos. Agradezco su intervenci\u00f3n en este tema imprescindible\u00bb afirm\u00f3 Caraballo.<\/p>\n<p><img loading=\"lazy\" decoding=\"async\" class=\"alignright size-medium wp-image-25652\" src=\"https:\/\/www.revistazetta.com\/wp-content\/uploads\/2018\/04\/2018-04-13-PHOTO-00002357-300x188.jpg\" alt=\"\" width=\"300\" height=\"188\" srcset=\"https:\/\/revistazetta.com\/wp-content\/uploads\/2018\/04\/2018-04-13-PHOTO-00002357-300x188.jpg 300w, https:\/\/revistazetta.com\/wp-content\/uploads\/2018\/04\/2018-04-13-PHOTO-00002357-234x146.jpg 234w, https:\/\/revistazetta.com\/wp-content\/uploads\/2018\/04\/2018-04-13-PHOTO-00002357-50x31.jpg 50w, https:\/\/revistazetta.com\/wp-content\/uploads\/2018\/04\/2018-04-13-PHOTO-00002357-120x75.jpg 120w, https:\/\/revistazetta.com\/wp-content\/uploads\/2018\/04\/2018-04-13-PHOTO-00002357.jpg 768w\" sizes=\"auto, (max-width: 300px) 100vw, 300px\" \/>Antonio Quinto Guerra tom\u00f3 atenta nota de las inquietudes de la gente del sector y asegur\u00f3 que quer\u00eda conocer de primera mano el estado f\u00edsico y material del parque de Daniel Lemaitre, donde se realiz\u00f3 el di\u00e1logo con la comunidad.<\/p>\n<p>Los estudiantes tambi\u00e9n participaron del conversatorio. Karelys Ram\u00edrez, habitante del Barrio Lemaitre, expres\u00f3 su preocupaci\u00f3n por el estado de las canchas deportivas y el transporte p\u00fablico del barrio.<\/p>\n<p>\u00abNo tenemos rutas alimentadoras de Transcaribe que nos comuniquen con las estaciones. Gracias a los taxis colectivos podemos llegar al centro. Adem\u00e1s, Daniel Lemaitre no tiene parques aptos para los ni\u00f1os, no hay canchas donde hacer deporte y recreaci\u00f3n\u201d, sostuvo.<\/p>\n<p>\u00bfCu\u00e1l va a ser su trabajo por el transporte p\u00fablico y los parques inexistentes en Daniel Lemaitre?, pregunt\u00f3 la joven estudiante.<\/p>\n<p><img loading=\"lazy\" decoding=\"async\" class=\"alignright size-medium wp-image-25653\" src=\"https:\/\/www.revistazetta.com\/wp-content\/uploads\/2018\/04\/2018-04-13-PHOTO-00002368-300x188.jpg\" alt=\"\" width=\"300\" height=\"188\" srcset=\"https:\/\/revistazetta.com\/wp-content\/uploads\/2018\/04\/2018-04-13-PHOTO-00002368-300x188.jpg 300w, https:\/\/revistazetta.com\/wp-content\/uploads\/2018\/04\/2018-04-13-PHOTO-00002368-234x146.jpg 234w, https:\/\/revistazetta.com\/wp-content\/uploads\/2018\/04\/2018-04-13-PHOTO-00002368-50x31.jpg 50w, https:\/\/revistazetta.com\/wp-content\/uploads\/2018\/04\/2018-04-13-PHOTO-00002368-120x75.jpg 120w, https:\/\/revistazetta.com\/wp-content\/uploads\/2018\/04\/2018-04-13-PHOTO-00002368.jpg 768w\" sizes=\"auto, (max-width: 300px) 100vw, 300px\" \/>Finalmente, Bernardo Romero Parra, l\u00edder del barrio, aprovech\u00f3 la oportunidad para exponer su inquietud sobre los hospitales que a\u00fan no se entregan pero ya fueron aprobados por el Distrito con anterioridad.<\/p>\n<p>Quinto enfatiz\u00f3: \u201cNo vamos a ser evasivos con los dineros de la salud. Han transcurrido tres a\u00f1os y dos gobiernos pero somos los contribuyentes quienes seguimos pagando por esas obras. Nuestro compromiso con la salud es entregar los hospitales que ya se aprobaron por el Distrito. Vamos a exigir que se entreguen los hospitales de Daniel Lemaitre, Bocachica, Canapote, Arroyo de las Canoas, Punta Canoa, Punta Arena, Arroyo Grande y Arroyo de Piedra. No vamos a guardar silencio frente a estos temas cr\u00edticos donde el Distrito ya hizo una importante inversi\u00f3n\u00bb asever\u00f3 Guerra Varela.<\/p>\n<p>Recalc\u00f3 que \u201cel mercado de Santa Rita ha tenido tres inauguraciones y nosotros lo vamos a entregar. El Distrito a\u00fan paga esos cr\u00e9ditos\u201d, dijo.<\/p>\n<p>&nbsp;<\/p>\n<p>&nbsp;<\/p>\n","protected":false},"excerpt":{"rendered":"<p>En el V \u00abDi\u00e1logo 24\/7\u00bb, realizado en el parque de Daniel Lemaitre, el candidato a la Alcald\u00eda, Antonio Quinto Guerra Varela, se comprometi\u00f3 a terminar los centros de salud inconclusos y a entregar el mercado de Santa Rita durante su gobierno. Con una participaci\u00f3n activa de la comunidad de Daniel Lemaitre y sectores aleda\u00f1os, dirigentes pidieron, de una vez por todas, la entrada en funcionamiento de Transcaribe, mejorar la seguridad y reconstruir los parques y zonas verdes del barrio. Policarpo Caraballo, presidente de la Junta de Acci\u00f3n Comunal (JAC) de&#8230; <\/p>\n","protected":false},"author":3,"featured_media":25650,"comment_status":"open","ping_status":"closed","sticky":false,"template":"","format":"standard","meta":{"footnotes":"","_links_to":"","_links_to_target":""},"categories":[75,4],"tags":[],"class_list":["post-25649","post","type-post","status-publish","format-standard","has-post-thumbnail","hentry","category-destacada","category-politica"],"_links":{"self":[{"href":"https:\/\/revistazetta.com\/index.php?rest_route=\/wp\/v2\/posts\/25649","targetHints":{"allow":["GET"]}}],"collection":[{"href":"https:\/\/revistazetta.com\/index.php?rest_route=\/wp\/v2\/posts"}],"about":[{"href":"https:\/\/revistazetta.com\/index.php?rest_route=\/wp\/v2\/types\/post"}],"author":[{"embeddable":true,"href":"https:\/\/revistazetta.com\/index.php?rest_route=\/wp\/v2\/users\/3"}],"replies":[{"embeddable":true,"href":"https:\/\/revistazetta.com\/index.php?rest_route=%2Fwp%2Fv2%2Fcomments&post=25649"}],"version-history":[{"count":0,"href":"https:\/\/revistazetta.com\/index.php?rest_route=\/wp\/v2\/posts\/25649\/revisions"}],"wp:featuredmedia":[{"embeddable":true,"href":"https:\/\/revistazetta.com\/index.php?rest_route=\/wp\/v2\/media\/25650"}],"wp:attachment":[{"href":"https:\/\/revistazetta.com\/index.php?rest_route=%2Fwp%2Fv2%2Fmedia&parent=25649"}],"wp:term":[{"taxonomy":"category","embeddable":true,"href":"https:\/\/revistazetta.com\/index.php?rest_route=%2Fwp%2Fv2%2Fcategories&post=25649"},{"taxonomy":"post_tag","embeddable":true,"href":"https:\/\/revistazetta.com\/index.php?rest_route=%2Fwp%2Fv2%2Ftags&post=25649"}],"curies":[{"name":"wp","href":"https:\/\/api.w.org\/{rel}","templated":true}]}}