{"id":25655,"date":"2018-04-16T07:43:44","date_gmt":"2018-04-16T12:43:44","guid":{"rendered":"http:\/\/www.revistazetta.com\/?p=25655"},"modified":"2018-04-16T08:26:04","modified_gmt":"2018-04-16T13:26:04","slug":"frente-la-violencia-nada-indiferencia-andres-betancourt","status":"publish","type":"post","link":"https:\/\/revistazetta.com\/?p=25655","title":{"rendered":"Frente a la violencia, cero indiferencia: Andr\u00e9s Betancourt"},"content":{"rendered":"<p><img loading=\"lazy\" decoding=\"async\" class=\"alignright size-medium wp-image-25657\" src=\"https:\/\/www.revistazetta.com\/wp-content\/uploads\/2018\/04\/IMG-20180415-WA0110-300x188.jpg\" alt=\"\" width=\"300\" height=\"188\" srcset=\"https:\/\/revistazetta.com\/wp-content\/uploads\/2018\/04\/IMG-20180415-WA0110-300x188.jpg 300w, https:\/\/revistazetta.com\/wp-content\/uploads\/2018\/04\/IMG-20180415-WA0110-234x146.jpg 234w, https:\/\/revistazetta.com\/wp-content\/uploads\/2018\/04\/IMG-20180415-WA0110-50x31.jpg 50w, https:\/\/revistazetta.com\/wp-content\/uploads\/2018\/04\/IMG-20180415-WA0110-120x75.jpg 120w, https:\/\/revistazetta.com\/wp-content\/uploads\/2018\/04\/IMG-20180415-WA0110.jpg 768w\" sizes=\"auto, (max-width: 300px) 100vw, 300px\" \/>Con un plant\u00f3n y una caminata por la vida y contra la violencia, el candidato a la Alcald\u00eda Mayor de Cartagena, Andr\u00e9s Betancourt, se sum\u00f3 este domingo al repudio por el cobarde atentado criminal en el que perdi\u00f3 la vida una ni\u00f1a de 8 a\u00f1os de edad y result\u00f3 herida su madre, en el sector Cesar Fl\u00f3rez del barrio San Fernando.<\/p>\n<p>Centenares de\u00a0\u00a0habitantes de la localidad 3 ten\u00edan previamente programada una entusiasta manifestaci\u00f3n de respaldo a la creciente y s\u00f3lida candidatura de Andr\u00e9s Betancourt, pero una vez conocido el absurdo hecho de sangre, el propio candidato decidi\u00f3 cambiar el acto por una muestra de rechazo ciudadano a la ola de inseguridad que afecta a diferentes sectores de Cartagena.<\/p>\n<p>Tras una breve concentraci\u00f3n en las afueras del estadio de San Fernando, el candidato y\u00a0\u00a0una multitud de vecinos y seguidores emprendieron la caminata en silencio, pasaron por la vivienda donde ocurrieron los hechos; algunas personas ondearon pa\u00f1uelos blancos y se detuvieron en el parque Cesar Fl\u00f3rez, donde se realiz\u00f3 el plant\u00f3n con la realizaci\u00f3n de un minuto de silencio, una oraci\u00f3n por las v\u00edctimas de la violencia y la intervenci\u00f3n\u00a0\u00a0de l\u00edderes del sector.<\/p>\n<p><img loading=\"lazy\" decoding=\"async\" class=\"alignright size-medium wp-image-25659\" src=\"https:\/\/www.revistazetta.com\/wp-content\/uploads\/2018\/04\/IMG-20180415-WA0104-300x188.jpg\" alt=\"\" width=\"300\" height=\"188\" srcset=\"https:\/\/revistazetta.com\/wp-content\/uploads\/2018\/04\/IMG-20180415-WA0104-300x188.jpg 300w, https:\/\/revistazetta.com\/wp-content\/uploads\/2018\/04\/IMG-20180415-WA0104-234x146.jpg 234w, https:\/\/revistazetta.com\/wp-content\/uploads\/2018\/04\/IMG-20180415-WA0104-50x31.jpg 50w, https:\/\/revistazetta.com\/wp-content\/uploads\/2018\/04\/IMG-20180415-WA0104-120x75.jpg 120w, https:\/\/revistazetta.com\/wp-content\/uploads\/2018\/04\/IMG-20180415-WA0104.jpg 768w\" sizes=\"auto, (max-width: 300px) 100vw, 300px\" \/>Consternado por lo acontecido, Andr\u00e9s Betancourt demand\u00f3 de las autoridades resultados inmediatos en las investigaciones iniciadas para\u00a0\u00a0aclarar el infanticidio;\u00a0\u00a0\u00a0reiter\u00f3 su decisi\u00f3n de ejecutar un plan de choque contra el crimen para restablecer la seguridad en la ciudad. \u201cCartagena no puede seguir caminando sobre los muertos que nos deja la violencia\u201d. Precis\u00f3.<\/p>\n<p>Una vez terminado el plant\u00f3n, continu\u00f3 la caminata a la que se fueron sumando numerosos habitantes de diferentes sectores de la localidad 3, que se sienten representados en Andr\u00e9s Betancourt para el restablecimiento de la seguridad en la ciudad, con car\u00e1cter y autoridad.<\/p>\n<p>&nbsp;<\/p>\n","protected":false},"excerpt":{"rendered":"<p>Con un plant\u00f3n y una caminata por la vida y contra la violencia, el candidato a la Alcald\u00eda Mayor de Cartagena, Andr\u00e9s Betancourt, se sum\u00f3 este domingo al repudio por el cobarde atentado criminal en el que perdi\u00f3 la vida una ni\u00f1a de 8 a\u00f1os de edad y result\u00f3 herida su madre, en el sector Cesar Fl\u00f3rez del barrio San Fernando. Centenares de\u00a0\u00a0habitantes de la localidad 3 ten\u00edan previamente programada una entusiasta manifestaci\u00f3n de respaldo a la creciente y s\u00f3lida candidatura de Andr\u00e9s Betancourt, pero una vez conocido el absurdo&#8230; <\/p>\n","protected":false},"author":3,"featured_media":25668,"comment_status":"open","ping_status":"closed","sticky":false,"template":"","format":"standard","meta":{"footnotes":"","_links_to":"","_links_to_target":""},"categories":[75,4],"tags":[],"class_list":["post-25655","post","type-post","status-publish","format-standard","has-post-thumbnail","hentry","category-destacada","category-politica"],"_links":{"self":[{"href":"https:\/\/revistazetta.com\/index.php?rest_route=\/wp\/v2\/posts\/25655","targetHints":{"allow":["GET"]}}],"collection":[{"href":"https:\/\/revistazetta.com\/index.php?rest_route=\/wp\/v2\/posts"}],"about":[{"href":"https:\/\/revistazetta.com\/index.php?rest_route=\/wp\/v2\/types\/post"}],"author":[{"embeddable":true,"href":"https:\/\/revistazetta.com\/index.php?rest_route=\/wp\/v2\/users\/3"}],"replies":[{"embeddable":true,"href":"https:\/\/revistazetta.com\/index.php?rest_route=%2Fwp%2Fv2%2Fcomments&post=25655"}],"version-history":[{"count":0,"href":"https:\/\/revistazetta.com\/index.php?rest_route=\/wp\/v2\/posts\/25655\/revisions"}],"wp:featuredmedia":[{"embeddable":true,"href":"https:\/\/revistazetta.com\/index.php?rest_route=\/wp\/v2\/media\/25668"}],"wp:attachment":[{"href":"https:\/\/revistazetta.com\/index.php?rest_route=%2Fwp%2Fv2%2Fmedia&parent=25655"}],"wp:term":[{"taxonomy":"category","embeddable":true,"href":"https:\/\/revistazetta.com\/index.php?rest_route=%2Fwp%2Fv2%2Fcategories&post=25655"},{"taxonomy":"post_tag","embeddable":true,"href":"https:\/\/revistazetta.com\/index.php?rest_route=%2Fwp%2Fv2%2Ftags&post=25655"}],"curies":[{"name":"wp","href":"https:\/\/api.w.org\/{rel}","templated":true}]}}