{"id":25665,"date":"2018-04-16T08:07:12","date_gmt":"2018-04-16T13:07:12","guid":{"rendered":"http:\/\/www.revistazetta.com\/?p=25665"},"modified":"2018-04-16T08:10:04","modified_gmt":"2018-04-16T13:10:04","slug":"periodistas-cartagena-hacen-planton-solidaridad-colegas-asesinados","status":"publish","type":"post","link":"https:\/\/revistazetta.com\/?p=25665","title":{"rendered":"Periodistas de Cartagena hacen plant\u00f3n en solidaridad con colegas asesinados"},"content":{"rendered":"<p>Un grupo de periodistas de Cartagena adelant\u00f3 este lunes un plant\u00f3n en el Camell\u00f3n de los M\u00e1rtires para expresar su repudio por el asesinato de dos periodistas ecuatorianos y su conductor tras un secuestro.<\/p>\n<p>Luciendo camisas blancas y ondeando banderas de Colombia, los periodistas expresaron su m\u00e1s en\u00e9rgico rechazo a este atentado contra la libertad de prensa, y ratificaron la voluntad de seguir adelante en el ejercicio de la profesi\u00f3n, pues la violencia jam\u00e1s los podr\u00e1 acallar.<\/p>\n<p>Tambi\u00e9n hubo transmisi\u00f3n en director por parte de la estaci\u00f3n local de televisi\u00f3n CNC que dirige Jes\u00fas Ch\u00e1vez; el noticiero Carol Noticias que dirige Carlos Mouth\u00f3n, y que tambi\u00e9n se retransmite por la estaci\u00f3n radial virtual de www.revistazetta.com, Emisora Fuentes y varios de sus concesionarios; entre otras.<\/p>\n<p>El periodista Javier Ortega (32 a\u00f1os), el fot\u00f3grafo Pa\u00fal Rivas (45) y el conductor Efra\u00edn Segarra (60), trabajadores del diario El Comercio de Quito, Ecuador, fueron al parecer ejecutados a balazos mientras estaban encadenados, seg\u00fan unas fotograf\u00edas que hicieron llegar los captores a un medio de prensa colombiano. Los autores de este atroz triple homicidio son criminales que militaron en el grupo terrorista Farc, llamados disidencias, secuestraron y asesinaron a Javier<\/p>\n<p>&nbsp;<\/p>\n","protected":false},"excerpt":{"rendered":"<p>Un grupo de periodistas de Cartagena adelant\u00f3 este lunes un plant\u00f3n en el Camell\u00f3n de los M\u00e1rtires para expresar su repudio por el asesinato de dos periodistas ecuatorianos y su conductor tras un secuestro. Luciendo camisas blancas y ondeando banderas de Colombia, los periodistas expresaron su m\u00e1s en\u00e9rgico rechazo a este atentado contra la libertad de prensa, y ratificaron la voluntad de seguir adelante en el ejercicio de la profesi\u00f3n, pues la violencia jam\u00e1s los podr\u00e1 acallar. Tambi\u00e9n hubo transmisi\u00f3n en director por parte de la estaci\u00f3n local de televisi\u00f3n&#8230; <\/p>\n","protected":false},"author":3,"featured_media":25666,"comment_status":"open","ping_status":"closed","sticky":false,"template":"","format":"standard","meta":{"footnotes":"","_links_to":"","_links_to_target":""},"categories":[2,75],"tags":[],"class_list":["post-25665","post","type-post","status-publish","format-standard","has-post-thumbnail","hentry","category-actualidad","category-destacada"],"_links":{"self":[{"href":"https:\/\/revistazetta.com\/index.php?rest_route=\/wp\/v2\/posts\/25665","targetHints":{"allow":["GET"]}}],"collection":[{"href":"https:\/\/revistazetta.com\/index.php?rest_route=\/wp\/v2\/posts"}],"about":[{"href":"https:\/\/revistazetta.com\/index.php?rest_route=\/wp\/v2\/types\/post"}],"author":[{"embeddable":true,"href":"https:\/\/revistazetta.com\/index.php?rest_route=\/wp\/v2\/users\/3"}],"replies":[{"embeddable":true,"href":"https:\/\/revistazetta.com\/index.php?rest_route=%2Fwp%2Fv2%2Fcomments&post=25665"}],"version-history":[{"count":0,"href":"https:\/\/revistazetta.com\/index.php?rest_route=\/wp\/v2\/posts\/25665\/revisions"}],"wp:featuredmedia":[{"embeddable":true,"href":"https:\/\/revistazetta.com\/index.php?rest_route=\/wp\/v2\/media\/25666"}],"wp:attachment":[{"href":"https:\/\/revistazetta.com\/index.php?rest_route=%2Fwp%2Fv2%2Fmedia&parent=25665"}],"wp:term":[{"taxonomy":"category","embeddable":true,"href":"https:\/\/revistazetta.com\/index.php?rest_route=%2Fwp%2Fv2%2Fcategories&post=25665"},{"taxonomy":"post_tag","embeddable":true,"href":"https:\/\/revistazetta.com\/index.php?rest_route=%2Fwp%2Fv2%2Ftags&post=25665"}],"curies":[{"name":"wp","href":"https:\/\/api.w.org\/{rel}","templated":true}]}}