{"id":25765,"date":"2018-04-18T23:46:42","date_gmt":"2018-04-19T04:46:42","guid":{"rendered":"http:\/\/www.revistazetta.com\/?p=25765"},"modified":"2018-04-18T23:46:42","modified_gmt":"2018-04-19T04:46:42","slug":"orbita-politica-john-zamora-jueves-19-abril-2018","status":"publish","type":"post","link":"https:\/\/revistazetta.com\/?p=25765","title":{"rendered":"\u00d3rbita Pol\u00edtica de John Zamora \u2013 jueves 19 de abril de 2018"},"content":{"rendered":"<p><strong>Descentralizar la salud<\/strong><\/p>\n<p>Como un mecanismo que permita mejorar el servicio de salud en Cartagena, C\u00e9sar Pi\u00f3n, cabildante de la U, pidi\u00f3 trabajar en el proceso de descentralizaci\u00f3n para darle m\u00e1s herramientas jur\u00eddicas y presupuestales al organismo de salud.<\/p>\n<p>\u00abNi el pa\u00eds y ni Cartagena han podido encontrar el modelo id\u00f3neo que salve vidas y logre estabilidad. Hoy proponemos entregar el manejo de la promoci\u00f3n y prevenci\u00f3n a las universidades que tengan facultades de medicina y requerir a la ESE un monitoreo p\u00fablico mensual. Son propuestas sanas con el \u00fanico prop\u00f3sito de beneficiar a la ciudadan\u00eda\u00bb, declar\u00f3 Pi\u00f3n.<\/p>\n<p>&nbsp;<\/p>\n<p><strong>Lleg\u00f3 Judith D\u00edaz: ahora son 8<\/strong><\/p>\n<p>El disminuido Concejo Distrital de Cartagena ahora tiene 8 integrantes, pues lleg\u00f3 de nuevo Judith D\u00edaz, tras configurarse una nueva situaci\u00f3n jur\u00eddica que dej\u00f3 sin piso una situaci\u00f3n de tutela que la sac\u00f3 a favor de Ronald Fortich.<\/p>\n<p>Y regres\u00f3 y de inmediato se puso a trabajar. En la sesi\u00f3n se debatieron los casos de leptospirosis que se registraron recientemente, y la reci\u00e9n posesionada concejal Judith D\u00edaz enfatiz\u00f3 en la importancia de \u00a0trabajar por evitar las muertes por enfermedades por Zoonosis o cualquier enfermedad prevenible. \u201cEste tema hay que verlo desde su integralidad, porque es un tema no solo de salud p\u00fablica, es un tema de salud ambiental, es un tema de salud animal, donde no solo las medidas deben ser tomadas por el Dadis\u201d.<\/p>\n<p>&nbsp;<\/p>\n<p><strong>Debate por Educaci\u00f3n<\/strong><\/p>\n<p>\u00a1Qu\u00e9 bueno que, por fin, la educaci\u00f3n motive un gran debate sobre su futuro en el Concejo!<\/p>\n<p>Esto lo ha logrado el proyecto de acuerdo que propone la adopci\u00f3n de un Plan Maestro de Educaci\u00f3n, a 15 a\u00f1os.<\/p>\n<p>El presidente de la corporaci\u00f3n, Wilson Toncel Ochoa, se ha encargado personalmente de invitar a todos los sectores que tengan que aportar sobre esta iniciativa, en la sesi\u00f3n de este viernes 20 de abril. Ojal\u00e1 que la discusi\u00f3n sea educada, y no pidan la palabra los de las notas desafinadas y discordantes.<\/p>\n<p>El Concejo ya realiz\u00f3 la audiencia reglamentaria para este proyecto, y ahora se apresta continuar su tr\u00e1mite para primer y segundo debate.<\/p>\n<p>\u201cLa educaci\u00f3n se volvi\u00f3 el centro de la agenda en Cartagena. Invitamos a todos los cartageneros a participar este viernes en el Concejo para definir nuestra hoja de ruta en educaci\u00f3n en los pr\u00f3ximos 15 a\u00f1os\u201d, dijo Jaime Hern\u00e1ndez Am\u00edn, secretario de Educaci\u00f3n Distrital.<\/p>\n<p>No obstante, algunos sectores privados est\u00e1n pidiendo que se reprograme la fecha, puesto que este viernes tienen la conferencia del pedagogo Francesco Tanucci en el Centro de Convenciones, que es tambi\u00e9n en la ma\u00f1ana.<\/p>\n","protected":false},"excerpt":{"rendered":"<p>Descentralizar la salud Como un mecanismo que permita mejorar el servicio de salud en Cartagena, C\u00e9sar Pi\u00f3n, cabildante de la U, pidi\u00f3 trabajar en el proceso de descentralizaci\u00f3n para darle m\u00e1s herramientas jur\u00eddicas y presupuestales al organismo de salud. \u00abNi el pa\u00eds y ni Cartagena han podido encontrar el modelo id\u00f3neo que salve vidas y logre estabilidad. Hoy proponemos entregar el manejo de la promoci\u00f3n y prevenci\u00f3n a las universidades que tengan facultades de medicina y requerir a la ESE un monitoreo p\u00fablico mensual. Son propuestas sanas con el \u00fanico&#8230; <\/p>\n","protected":false},"author":3,"featured_media":25766,"comment_status":"open","ping_status":"closed","sticky":false,"template":"","format":"standard","meta":{"footnotes":"","_links_to":"","_links_to_target":""},"categories":[75,47,44,45],"tags":[],"class_list":["post-25765","post","type-post","status-publish","format-standard","has-post-thumbnail","hentry","category-destacada","category-john-zamora","category-materiagris","category-orbita"],"_links":{"self":[{"href":"https:\/\/revistazetta.com\/index.php?rest_route=\/wp\/v2\/posts\/25765","targetHints":{"allow":["GET"]}}],"collection":[{"href":"https:\/\/revistazetta.com\/index.php?rest_route=\/wp\/v2\/posts"}],"about":[{"href":"https:\/\/revistazetta.com\/index.php?rest_route=\/wp\/v2\/types\/post"}],"author":[{"embeddable":true,"href":"https:\/\/revistazetta.com\/index.php?rest_route=\/wp\/v2\/users\/3"}],"replies":[{"embeddable":true,"href":"https:\/\/revistazetta.com\/index.php?rest_route=%2Fwp%2Fv2%2Fcomments&post=25765"}],"version-history":[{"count":0,"href":"https:\/\/revistazetta.com\/index.php?rest_route=\/wp\/v2\/posts\/25765\/revisions"}],"wp:featuredmedia":[{"embeddable":true,"href":"https:\/\/revistazetta.com\/index.php?rest_route=\/wp\/v2\/media\/25766"}],"wp:attachment":[{"href":"https:\/\/revistazetta.com\/index.php?rest_route=%2Fwp%2Fv2%2Fmedia&parent=25765"}],"wp:term":[{"taxonomy":"category","embeddable":true,"href":"https:\/\/revistazetta.com\/index.php?rest_route=%2Fwp%2Fv2%2Fcategories&post=25765"},{"taxonomy":"post_tag","embeddable":true,"href":"https:\/\/revistazetta.com\/index.php?rest_route=%2Fwp%2Fv2%2Ftags&post=25765"}],"curies":[{"name":"wp","href":"https:\/\/api.w.org\/{rel}","templated":true}]}}