{"id":25770,"date":"2018-04-19T07:47:55","date_gmt":"2018-04-19T12:47:55","guid":{"rendered":"http:\/\/www.revistazetta.com\/?p=25770"},"modified":"2018-04-19T10:17:30","modified_gmt":"2018-04-19T15:17:30","slug":"conservadores-bolivar-unos-ivan-duque-otros-vargas-lleras","status":"publish","type":"post","link":"https:\/\/revistazetta.com\/?p=25770","title":{"rendered":"Conservadores en Bol\u00edvar: mayor\u00eda con Iv\u00e1n Duque que con Vargas Lleras"},"content":{"rendered":"<p>La Junta Parlamentaria del partido Conservador aprob\u00f3 por mayor\u00eda respaldar la candidatura presidencial de Germ\u00e1n Vargas Lleras, pero eso no asegura el respaldo institucional pues la \u00fanica instancia autorizada para comprometerlo 100% es la Convenci\u00f3n Nacional.<\/p>\n<p>En Bol\u00edvar la posici\u00f3n no es uniforme. Con Vargas Lleras est\u00e1 el representante saliente Pedrito Pereira, pero con Iv\u00e1n Duque est\u00e1n la senadora Nadia Blel, y los representantes entrantes Yamilito Arana\u00a0y Emeterio Montes.<\/p>\n<p>Arana trin\u00f3 en su cuenta de Twitter: \u201cLa decisi\u00f3n hoy del P. Conservador no vincula a todos sus congresistas y mucho menos a las bases Conservadoras, por nuestro lado seguimos apost\u00e1ndole a la renovaci\u00f3n pol\u00edtica del pa\u00eds\u201d.<\/p>\n<p>La senadora Blel es del parecer que la decisi\u00f3n de la Junta Parlamentaria no es vinculante, y que la \u00fanica autoridad habilitada para refrendar o no esa decisi\u00f3n es la Convenci\u00f3n Nacional, tal como lo contempla el art\u00edculo 129 de sus estatutos.<\/p>\n<p>Emeterio Montes es uno de los 21 participantes en la Junta Parlamentaria que apoy\u00f3 el nombre de Iv\u00e1n Duque.<\/p>\n<p>El representante Pedrito Pereira, por su parte, ha manifestado abiertamente su preferencia por Germ\u00e1n Vargas Lleras.<\/p>\n","protected":false},"excerpt":{"rendered":"<p>La Junta Parlamentaria del partido Conservador aprob\u00f3 por mayor\u00eda respaldar la candidatura presidencial de Germ\u00e1n Vargas Lleras, pero eso no asegura el respaldo institucional pues la \u00fanica instancia autorizada para comprometerlo 100% es la Convenci\u00f3n Nacional. En Bol\u00edvar la posici\u00f3n no es uniforme. Con Vargas Lleras est\u00e1 el representante saliente Pedrito Pereira, pero con Iv\u00e1n Duque est\u00e1n la senadora Nadia Blel, y los representantes entrantes Yamilito Arana\u00a0y Emeterio Montes. Arana trin\u00f3 en su cuenta de Twitter: \u201cLa decisi\u00f3n hoy del P. Conservador no vincula a todos sus congresistas y mucho&#8230; <\/p>\n","protected":false},"author":3,"featured_media":25775,"comment_status":"open","ping_status":"closed","sticky":false,"template":"","format":"standard","meta":{"footnotes":"","_links_to":"","_links_to_target":""},"categories":[75,4],"tags":[],"class_list":["post-25770","post","type-post","status-publish","format-standard","has-post-thumbnail","hentry","category-destacada","category-politica"],"_links":{"self":[{"href":"https:\/\/revistazetta.com\/index.php?rest_route=\/wp\/v2\/posts\/25770","targetHints":{"allow":["GET"]}}],"collection":[{"href":"https:\/\/revistazetta.com\/index.php?rest_route=\/wp\/v2\/posts"}],"about":[{"href":"https:\/\/revistazetta.com\/index.php?rest_route=\/wp\/v2\/types\/post"}],"author":[{"embeddable":true,"href":"https:\/\/revistazetta.com\/index.php?rest_route=\/wp\/v2\/users\/3"}],"replies":[{"embeddable":true,"href":"https:\/\/revistazetta.com\/index.php?rest_route=%2Fwp%2Fv2%2Fcomments&post=25770"}],"version-history":[{"count":0,"href":"https:\/\/revistazetta.com\/index.php?rest_route=\/wp\/v2\/posts\/25770\/revisions"}],"wp:featuredmedia":[{"embeddable":true,"href":"https:\/\/revistazetta.com\/index.php?rest_route=\/wp\/v2\/media\/25775"}],"wp:attachment":[{"href":"https:\/\/revistazetta.com\/index.php?rest_route=%2Fwp%2Fv2%2Fmedia&parent=25770"}],"wp:term":[{"taxonomy":"category","embeddable":true,"href":"https:\/\/revistazetta.com\/index.php?rest_route=%2Fwp%2Fv2%2Fcategories&post=25770"},{"taxonomy":"post_tag","embeddable":true,"href":"https:\/\/revistazetta.com\/index.php?rest_route=%2Fwp%2Fv2%2Ftags&post=25770"}],"curies":[{"name":"wp","href":"https:\/\/api.w.org\/{rel}","templated":true}]}}