{"id":25780,"date":"2018-04-19T18:04:12","date_gmt":"2018-04-19T23:04:12","guid":{"rendered":"http:\/\/www.revistazetta.com\/?p=25780"},"modified":"2018-04-19T18:04:12","modified_gmt":"2018-04-19T23:04:12","slug":"concepto-procuraduria-politico-desconoce-normatividad-dicen-abogados","status":"publish","type":"post","link":"https:\/\/revistazetta.com\/?p=25780","title":{"rendered":"Concepto de Procuradur\u00eda es pol\u00edtico y desconoce normatividad, dicen abogados"},"content":{"rendered":"<p>Un equipo de abogados afines a la campa\u00f1a de Quinto Guerra Varela a la Alcald\u00eda de Cartagena cuestion\u00f3 el concepto radicado ante el Consejo Nacional Electoral para cancelar la inscripci\u00f3n de su candidatura.<\/p>\n<p>Seg\u00fan los juristas, la Procuradur\u00eda desconoce la normatividad vigente y la jurisprudencia del Consejo de Estado en materia electoral y, lo que es m\u00e1s grave, denota un claro prop\u00f3sito pol\u00edtico con intereses particulares en Cartagena.<\/p>\n<p>Estos son los interrogantes planteados por este equipo profesional simpatizante de la campa\u00f1a de Quinto Guerra:<\/p>\n<p>1.)\u00a0\u00a0\u00a0\u00a0\u00a0\u00a0 La solicitud de revocatoria se est\u00e1 tramitando en el Consejo Nacional Electoral desde finales de marzo. \u00bfPor qu\u00e9 la Procuradur\u00eda interviene en el proceso hasta el 19 de abril ?<\/p>\n<p>2.)\u00a0\u00a0\u00a0\u00a0\u00a0\u00a0 El art\u00edculo 31 de la Ley 1475 de 2011 se\u00f1ala: \u201cCuando se trate de revocatoria de la inscripci\u00f3n por causas constitucionales o legales, inhabilidad sobreviniente o evidenciada con posterioridad a la inscripci\u00f3n, podr\u00e1n modificarse las inscripciones hasta un (1) mes antes de la fecha de la correspondiente votaci\u00f3n\u201d. Si la revocatoria de la inscripci\u00f3n s\u00f3lo se pod\u00eda hacer hasta el 6 de abril (un mes antes de las elecciones), \u00bf Por qu\u00e9 la Procuradur\u00eda interviene en el proceso solicitando la revocatoria el d\u00eda 19 de abril ?. Faltando menos de un mes para la elecci\u00f3n.<\/p>\n<p>3.)\u00a0\u00a0\u00a0\u00a0\u00a0\u00a0 El calendario Electoral fijado por la autoridad electoral, de acuerdo a la Ley, establece la fecha del 6 de abril como el plazo para modificar la inscripci\u00f3n por inhabilidad, \u00bf Por qu\u00e9 la Procuradur\u00eda solicita la revocatoria hasta el 19 de abril ?<\/p>\n<p>4.)\u00a0\u00a0\u00a0\u00a0\u00a0\u00a0 \u00bfPor qu\u00e9 jur\u00eddicamente la inscripci\u00f3n de Quinto Guerra se sustenta en las Sentencias del Consejo de Estado (M\u00e1ximo tribunal de lo contencioso administrativo en materia electoral), sentencias de fecha: 26 enero de 2006, 3 febrero de 2006 y 26 febrero de 2009 y el documento de la Procuradur\u00eda ni siquiera cita, ni menciona, ni controvierte dichas sentencias ? \u00bfPor qu\u00e9 la Procuradur\u00eda desconoce la Jurisprudencia en materia electoral del Consejo de Estado?<\/p>\n<p>&nbsp;<\/p>\n","protected":false},"excerpt":{"rendered":"<p>Un equipo de abogados afines a la campa\u00f1a de Quinto Guerra Varela a la Alcald\u00eda de Cartagena cuestion\u00f3 el concepto radicado ante el Consejo Nacional Electoral para cancelar la inscripci\u00f3n de su candidatura. Seg\u00fan los juristas, la Procuradur\u00eda desconoce la normatividad vigente y la jurisprudencia del Consejo de Estado en materia electoral y, lo que es m\u00e1s grave, denota un claro prop\u00f3sito pol\u00edtico con intereses particulares en Cartagena. Estos son los interrogantes planteados por este equipo profesional simpatizante de la campa\u00f1a de Quinto Guerra: 1.)\u00a0\u00a0\u00a0\u00a0\u00a0\u00a0 La solicitud de revocatoria se&#8230; <\/p>\n","protected":false},"author":3,"featured_media":25777,"comment_status":"open","ping_status":"closed","sticky":false,"template":"","format":"standard","meta":{"footnotes":"","_links_to":"","_links_to_target":""},"categories":[75,4],"tags":[],"class_list":["post-25780","post","type-post","status-publish","format-standard","has-post-thumbnail","hentry","category-destacada","category-politica"],"_links":{"self":[{"href":"https:\/\/revistazetta.com\/index.php?rest_route=\/wp\/v2\/posts\/25780","targetHints":{"allow":["GET"]}}],"collection":[{"href":"https:\/\/revistazetta.com\/index.php?rest_route=\/wp\/v2\/posts"}],"about":[{"href":"https:\/\/revistazetta.com\/index.php?rest_route=\/wp\/v2\/types\/post"}],"author":[{"embeddable":true,"href":"https:\/\/revistazetta.com\/index.php?rest_route=\/wp\/v2\/users\/3"}],"replies":[{"embeddable":true,"href":"https:\/\/revistazetta.com\/index.php?rest_route=%2Fwp%2Fv2%2Fcomments&post=25780"}],"version-history":[{"count":0,"href":"https:\/\/revistazetta.com\/index.php?rest_route=\/wp\/v2\/posts\/25780\/revisions"}],"wp:featuredmedia":[{"embeddable":true,"href":"https:\/\/revistazetta.com\/index.php?rest_route=\/wp\/v2\/media\/25777"}],"wp:attachment":[{"href":"https:\/\/revistazetta.com\/index.php?rest_route=%2Fwp%2Fv2%2Fmedia&parent=25780"}],"wp:term":[{"taxonomy":"category","embeddable":true,"href":"https:\/\/revistazetta.com\/index.php?rest_route=%2Fwp%2Fv2%2Fcategories&post=25780"},{"taxonomy":"post_tag","embeddable":true,"href":"https:\/\/revistazetta.com\/index.php?rest_route=%2Fwp%2Fv2%2Ftags&post=25780"}],"curies":[{"name":"wp","href":"https:\/\/api.w.org\/{rel}","templated":true}]}}