{"id":25781,"date":"2018-04-19T19:04:11","date_gmt":"2018-04-20T00:04:11","guid":{"rendered":"http:\/\/www.revistazetta.com\/?p=25781"},"modified":"2018-04-19T19:04:11","modified_gmt":"2018-04-20T00:04:11","slug":"ese-cartagena-indias-lista-semana-vacunacion-las-americas","status":"publish","type":"post","link":"https:\/\/revistazetta.com\/?p=25781","title":{"rendered":"ESE Cartagena de Indias, lista para Semana de Vacunaci\u00f3n de Las Am\u00e9ricas"},"content":{"rendered":"<p>Con el objetivo de promover el acceso a la vacunaci\u00f3n, la ESE Hospital Local Cartagena de Indias, con el apoyo del Departamento Administrativo de Salud Distrital (Dadis), realizar\u00e1 este s\u00e1bado 21 de abril la\u00a0\u00a0Jornada de Vacunaci\u00f3n de las Am\u00e9ricas, habilitando 38 centros de salud en Cartagena para que ni\u00f1os menores de cinco a\u00f1os, mujeres en estado de embarazo y adultos mayores reciban gratuitamente la atenci\u00f3n durante esta jornada.<\/p>\n<p>El gerente de la ESE Cartagena de Indias, Roque Bossio Berm\u00fadez, precis\u00f3 que la Semana de Vacunaci\u00f3n en Las Am\u00e9ricas, que se extiende hasta el 27 de abril, es una iniciativa de la Organizaci\u00f3n Panamericana de la Salud (OPS). \u201cTrabajamos para\u00a0alcanzar la cobertura \u00fatil en todos los biol\u00f3gicos del esquema nacional, vacunando durante todo el mes de abril de 2018 a 824 ni\u00f1os y ni\u00f1as menores de 1 a\u00f1o y 980 de 1 a\u00f1o de edad, y 841 ni\u00f1os de 5 a\u00f1os, 824 gestantes , MEF y adultos mayores seg\u00fan esquema nacional vigente\u201d, dijo.<\/p>\n<p>Precis\u00f3 que es importante asistir a esta jornada, pues gracias a las vacunas actuales y a las nuevas, los adolescentes y los adultos tambi\u00e9n pueden protegerse de enfermedades, potencialmente mortales, como la gripe, la meningitis o algunos c\u00e1nceres (de h\u00edgado y de cuello uterino).<\/p>\n<p><strong>\u00a1A vacunarse!<\/strong><\/p>\n<ul>\n<li>Ni\u00f1os y ni\u00f1as de 0 a 5 a\u00f1os de edad, de todo el Distrito de Cartagena, principalmente a los residentes en corregimientos, en zonas de dif\u00edcil acceso, con altos \u00edndices de Necesidades B\u00e1sicas Insatisfechas (NBI), en situaci\u00f3n de desplazamiento por el conflicto armado y comunidades con poblaci\u00f3n ind\u00edgena y afrocolombiana.<\/li>\n<li>Poblaci\u00f3n menor de un a\u00f1o y de un a\u00f1o: se debe intensificar la vacunaci\u00f3n con todos los biol\u00f3gicos, con terceras dosis de polio y pentavalente y triple viral, hepatitis A, refuerzo de neumococo y varicela, respectivamente.<\/li>\n<li>Poblaci\u00f3n de 18 meses a 5 a\u00f1os 11 meses, 29 d\u00edas: Se debe intensificar la vacunaci\u00f3n con primer refuerzo de Polio y DPT, segundo refuerzo de polio y DPT y primer refuerzo de Triple Viral, seg\u00fan corresponda.<\/li>\n<li>Ni\u00f1os y ni\u00f1as entre 6 y 23 meses: se realizar\u00e1 vacunaci\u00f3n a todos los ni\u00f1os entre 6 y 23 meses de edad con una o dos dosis, de acuerdo al esquema de vacunaci\u00f3n de influenza y el antecedente vacunal.<\/li>\n<li>Ni\u00f1os y ni\u00f1as susceptibles de 2 a 7 a\u00f1os de edad sin esquema completo de Vacuna TV para la edad.<\/li>\n<li>Mujeres gestantes a partir de la semana 14, para influenza estacional.<\/li>\n<li>Mujeres gestantes a partir de la semana 26, para vacunaci\u00f3n con una dosis de Tdap.<\/li>\n<li>Adultos de 50 a\u00f1os y m\u00e1s para vacunaci\u00f3n con una dosis de influenza estacional.<\/li>\n<li>Ni\u00f1as de 9 a 17 a\u00f1os que NO asisten a una instituci\u00f3n educativa p\u00fablica o privada, sin antecedente vacunal de VPH, de las jornadas anteriores. que la soliciten libremente.<\/li>\n<li>Ni\u00f1os y ni\u00f1as entre 1 y 17 a\u00f1os para remisiones a salud bucal.<\/li>\n<li>Adolescentes gestantes para remisiones a salud bucal.<\/li>\n<\/ul>\n","protected":false},"excerpt":{"rendered":"<p>Con el objetivo de promover el acceso a la vacunaci\u00f3n, la ESE Hospital Local Cartagena de Indias, con el apoyo del Departamento Administrativo de Salud Distrital (Dadis), realizar\u00e1 este s\u00e1bado 21 de abril la\u00a0\u00a0Jornada de Vacunaci\u00f3n de las Am\u00e9ricas, habilitando 38 centros de salud en Cartagena para que ni\u00f1os menores de cinco a\u00f1os, mujeres en estado de embarazo y adultos mayores reciban gratuitamente la atenci\u00f3n durante esta jornada. El gerente de la ESE Cartagena de Indias, Roque Bossio Berm\u00fadez, precis\u00f3 que la Semana de Vacunaci\u00f3n en Las Am\u00e9ricas, que se&#8230; <\/p>\n","protected":false},"author":3,"featured_media":25590,"comment_status":"open","ping_status":"closed","sticky":false,"template":"","format":"standard","meta":{"footnotes":"","_links_to":"","_links_to_target":""},"categories":[2],"tags":[],"class_list":["post-25781","post","type-post","status-publish","format-standard","has-post-thumbnail","hentry","category-actualidad"],"_links":{"self":[{"href":"https:\/\/revistazetta.com\/index.php?rest_route=\/wp\/v2\/posts\/25781","targetHints":{"allow":["GET"]}}],"collection":[{"href":"https:\/\/revistazetta.com\/index.php?rest_route=\/wp\/v2\/posts"}],"about":[{"href":"https:\/\/revistazetta.com\/index.php?rest_route=\/wp\/v2\/types\/post"}],"author":[{"embeddable":true,"href":"https:\/\/revistazetta.com\/index.php?rest_route=\/wp\/v2\/users\/3"}],"replies":[{"embeddable":true,"href":"https:\/\/revistazetta.com\/index.php?rest_route=%2Fwp%2Fv2%2Fcomments&post=25781"}],"version-history":[{"count":0,"href":"https:\/\/revistazetta.com\/index.php?rest_route=\/wp\/v2\/posts\/25781\/revisions"}],"wp:featuredmedia":[{"embeddable":true,"href":"https:\/\/revistazetta.com\/index.php?rest_route=\/wp\/v2\/media\/25590"}],"wp:attachment":[{"href":"https:\/\/revistazetta.com\/index.php?rest_route=%2Fwp%2Fv2%2Fmedia&parent=25781"}],"wp:term":[{"taxonomy":"category","embeddable":true,"href":"https:\/\/revistazetta.com\/index.php?rest_route=%2Fwp%2Fv2%2Fcategories&post=25781"},{"taxonomy":"post_tag","embeddable":true,"href":"https:\/\/revistazetta.com\/index.php?rest_route=%2Fwp%2Fv2%2Ftags&post=25781"}],"curies":[{"name":"wp","href":"https:\/\/api.w.org\/{rel}","templated":true}]}}