{"id":25784,"date":"2018-04-19T19:10:31","date_gmt":"2018-04-20T00:10:31","guid":{"rendered":"http:\/\/www.revistazetta.com\/?p=25784"},"modified":"2018-04-19T19:10:31","modified_gmt":"2018-04-20T00:10:31","slug":"camara-comercio-cartagena-congreso-mundial-emprendimiento-gec-2018-turquia","status":"publish","type":"post","link":"https:\/\/revistazetta.com\/?p=25784","title":{"rendered":"C\u00e1mara de Comercio de Cartagena en el Congreso Mundial de Emprendimiento GEC 2018, en Turqu\u00eda"},"content":{"rendered":"<p>La C\u00e1mara de Comercio de Cartagena, representada por su director de Competitividad, Juan Pablo V\u00e9lez, participa en Estambul (Turqu\u00eda) en el Congreso Mundial\u00a0de Emprendimiento.<\/p>\n<p>El evento es un espacio donde l\u00edderes provenientes de m\u00e1s de\u00a0160 pa\u00edses analizan y discuten sobre las nuevas formas de ayudar a los fundadores a iniciar y escalar nuevas empresas en todo el mundo. En \u00e9l, los participantes\u00a0hacen conexiones, obtienen informaci\u00f3n, aprenden sobre nuevas investigaciones y aprenden elementos claves\u00a0para renovar sus programas, ideas de pol\u00edticas o habilidades de emprendedor.<\/p>\n<p>Para Juan Pablo V\u00e9lez, la experiencia ha sido muy enriquecedora. \u201cParalelo al Congreso, hemos podido visitar diferentes recintos feriales en los que nos compartieron buenas pr\u00e1cticas y, a la vez, hemos logrado establecer relaciones con diferentes entidades para promover el comercio bilateral entre Estambul y Cartagena\u201d, agreg\u00f3.<\/p>\n","protected":false},"excerpt":{"rendered":"<p>La C\u00e1mara de Comercio de Cartagena, representada por su director de Competitividad, Juan Pablo V\u00e9lez, participa en Estambul (Turqu\u00eda) en el Congreso Mundial\u00a0de Emprendimiento. El evento es un espacio donde l\u00edderes provenientes de m\u00e1s de\u00a0160 pa\u00edses analizan y discuten sobre las nuevas formas de ayudar a los fundadores a iniciar y escalar nuevas empresas en todo el mundo. En \u00e9l, los participantes\u00a0hacen conexiones, obtienen informaci\u00f3n, aprenden sobre nuevas investigaciones y aprenden elementos claves\u00a0para renovar sus programas, ideas de pol\u00edticas o habilidades de emprendedor. Para Juan Pablo V\u00e9lez, la experiencia ha&#8230; <\/p>\n","protected":false},"author":3,"featured_media":25785,"comment_status":"open","ping_status":"closed","sticky":false,"template":"","format":"standard","meta":{"footnotes":"","_links_to":"","_links_to_target":""},"categories":[3,50],"tags":[],"class_list":["post-25784","post","type-post","status-publish","format-standard","has-post-thumbnail","hentry","category-ciudad","category-empresa"],"_links":{"self":[{"href":"https:\/\/revistazetta.com\/index.php?rest_route=\/wp\/v2\/posts\/25784","targetHints":{"allow":["GET"]}}],"collection":[{"href":"https:\/\/revistazetta.com\/index.php?rest_route=\/wp\/v2\/posts"}],"about":[{"href":"https:\/\/revistazetta.com\/index.php?rest_route=\/wp\/v2\/types\/post"}],"author":[{"embeddable":true,"href":"https:\/\/revistazetta.com\/index.php?rest_route=\/wp\/v2\/users\/3"}],"replies":[{"embeddable":true,"href":"https:\/\/revistazetta.com\/index.php?rest_route=%2Fwp%2Fv2%2Fcomments&post=25784"}],"version-history":[{"count":0,"href":"https:\/\/revistazetta.com\/index.php?rest_route=\/wp\/v2\/posts\/25784\/revisions"}],"wp:featuredmedia":[{"embeddable":true,"href":"https:\/\/revistazetta.com\/index.php?rest_route=\/wp\/v2\/media\/25785"}],"wp:attachment":[{"href":"https:\/\/revistazetta.com\/index.php?rest_route=%2Fwp%2Fv2%2Fmedia&parent=25784"}],"wp:term":[{"taxonomy":"category","embeddable":true,"href":"https:\/\/revistazetta.com\/index.php?rest_route=%2Fwp%2Fv2%2Fcategories&post=25784"},{"taxonomy":"post_tag","embeddable":true,"href":"https:\/\/revistazetta.com\/index.php?rest_route=%2Fwp%2Fv2%2Ftags&post=25784"}],"curies":[{"name":"wp","href":"https:\/\/api.w.org\/{rel}","templated":true}]}}