{"id":25793,"date":"2018-04-21T18:25:01","date_gmt":"2018-04-21T23:25:01","guid":{"rendered":"http:\/\/www.revistazetta.com\/?p=25793"},"modified":"2018-04-21T18:25:01","modified_gmt":"2018-04-21T23:25:01","slug":"jovenes-artistas-unibac-exponen-asfalto","status":"publish","type":"post","link":"https:\/\/revistazetta.com\/?p=25793","title":{"rendered":"J\u00f3venes artistas de Unibac exponen \u201cBajo el Asfalto\u201d"},"content":{"rendered":"<p>Estudiantes de la Instituci\u00f3n Universitaria Bellas Artes y Ciencias de Bol\u00edvar (Unibac) exponen en la Casa Colombo Alemana \u201cBajo el Asfalto\u201d, serie de piezas gr\u00e1ficas resultado de una investigaci\u00f3n sobre la historia de los nombres de las calles de Cartagena.<\/p>\n<p>La exposici\u00f3n hace parte de las actividades del semillero de investigaci\u00f3n \u201cImagen + Creatividad\u201d de Unibac, dirigido por el docente Carlos Bayena Osorio, e integrado por Hugo Am\u00e9rico Reyes, Andrea Contreras Rodr\u00edguez, \u00c1lvaro Torres Urueta, Ana Pacheco Rodr\u00edguez, Camilo Andr\u00e9s Rico, Carlos Guerra Jim\u00e9nez, Jaxir Hernando D\u00edaz, Salcedo, Jhon Castillo Vega, Jorge Jos\u00e9 Barrera Ag\u00e1mez,\u00a0 Juan Pablo Gonz\u00e1lez Puello,\u00a0\u00a0 Leydis Daniela Valle, Mar\u00eda Paula Giral Hern\u00e1ndez , Pedro Ospina V\u00e1squez, Richard Andr\u00e9s Rodr\u00edguez Lacayo y\u00a0 Rosa Mar\u00eda Bossa.<\/p>\n<p>\u201cLa investigaci\u00f3n nace de la necesidad de darle un sentido gr\u00e1fico\u00a0a estas historias que si bien hacen parte de la historia de los cartageneros, tambi\u00e9n empiezan a ser parte de una historia y tradici\u00f3n colectiva entre diversidades de culturas, puesto que somos una ciudad tur\u00edstica, han pasado infinidad de sucesos por estas calles, que han permitido en algunos casos positivamente y otros negativamente la transformaci\u00f3n de esa historia y sentir de la calle, por otro totalmente nuevo y distinto casi alejado de una realidad en la cual fue ubicada esta calle\u201d, se\u00f1ala Bayena.<\/p>\n<p>La exposici\u00f3n estar\u00e1 abierta hasta el 10 de mayo y puede visitar en 9 de la ma\u00f1ana a 12:30 del mediod\u00eda y de 2 a 6 de la tarde.<\/p>\n","protected":false},"excerpt":{"rendered":"<p>Estudiantes de la Instituci\u00f3n Universitaria Bellas Artes y Ciencias de Bol\u00edvar (Unibac) exponen en la Casa Colombo Alemana \u201cBajo el Asfalto\u201d, serie de piezas gr\u00e1ficas resultado de una investigaci\u00f3n sobre la historia de los nombres de las calles de Cartagena. La exposici\u00f3n hace parte de las actividades del semillero de investigaci\u00f3n \u201cImagen + Creatividad\u201d de Unibac, dirigido por el docente Carlos Bayena Osorio, e integrado por Hugo Am\u00e9rico Reyes, Andrea Contreras Rodr\u00edguez, \u00c1lvaro Torres Urueta, Ana Pacheco Rodr\u00edguez, Camilo Andr\u00e9s Rico, Carlos Guerra Jim\u00e9nez, Jaxir Hernando D\u00edaz, Salcedo, Jhon Castillo&#8230; <\/p>\n","protected":false},"author":3,"featured_media":25794,"comment_status":"open","ping_status":"closed","sticky":false,"template":"","format":"standard","meta":{"footnotes":"","_links_to":"","_links_to_target":""},"categories":[41],"tags":[],"class_list":["post-25793","post","type-post","status-publish","format-standard","has-post-thumbnail","hentry","category-cultura"],"_links":{"self":[{"href":"https:\/\/revistazetta.com\/index.php?rest_route=\/wp\/v2\/posts\/25793","targetHints":{"allow":["GET"]}}],"collection":[{"href":"https:\/\/revistazetta.com\/index.php?rest_route=\/wp\/v2\/posts"}],"about":[{"href":"https:\/\/revistazetta.com\/index.php?rest_route=\/wp\/v2\/types\/post"}],"author":[{"embeddable":true,"href":"https:\/\/revistazetta.com\/index.php?rest_route=\/wp\/v2\/users\/3"}],"replies":[{"embeddable":true,"href":"https:\/\/revistazetta.com\/index.php?rest_route=%2Fwp%2Fv2%2Fcomments&post=25793"}],"version-history":[{"count":0,"href":"https:\/\/revistazetta.com\/index.php?rest_route=\/wp\/v2\/posts\/25793\/revisions"}],"wp:featuredmedia":[{"embeddable":true,"href":"https:\/\/revistazetta.com\/index.php?rest_route=\/wp\/v2\/media\/25794"}],"wp:attachment":[{"href":"https:\/\/revistazetta.com\/index.php?rest_route=%2Fwp%2Fv2%2Fmedia&parent=25793"}],"wp:term":[{"taxonomy":"category","embeddable":true,"href":"https:\/\/revistazetta.com\/index.php?rest_route=%2Fwp%2Fv2%2Fcategories&post=25793"},{"taxonomy":"post_tag","embeddable":true,"href":"https:\/\/revistazetta.com\/index.php?rest_route=%2Fwp%2Fv2%2Ftags&post=25793"}],"curies":[{"name":"wp","href":"https:\/\/api.w.org\/{rel}","templated":true}]}}