{"id":25801,"date":"2018-04-21T18:49:58","date_gmt":"2018-04-21T23:49:58","guid":{"rendered":"http:\/\/www.revistazetta.com\/?p=25801"},"modified":"2018-04-21T19:32:50","modified_gmt":"2018-04-22T00:32:50","slug":"alcaldia-arjona-recupera-siete-instituciones-educativas","status":"publish","type":"post","link":"https:\/\/revistazetta.com\/?p=25801","title":{"rendered":"Alcald\u00eda de Arjona recupera siete instituciones educativas"},"content":{"rendered":"<p>A buen ritmo avanzan las obras de adecuaci\u00f3n que realiza la Alcald\u00eda de Arjona a 5 instituciones educativas del casco urbano del municipio, con el objetivo de mejorar los procesos de educaci\u00f3n de los estudiantes. La Secretaria de Educaci\u00f3n Municipal, Mary Luz Durango, realiz\u00f3 una visita de inspecci\u00f3n en compa\u00f1\u00eda de su equipo de trabajo y funcionarios de la Secretar\u00eda de Planeaci\u00f3n a las obras.<\/p>\n<p>Los trabajos que iniciaron el 5 de abril de 2018, comprenden la construcci\u00f3n de 57 metros de paredilla en la Instituci\u00f3n Educativa Domingo Tarra Guardo, sede Manuela Beltr\u00e1n, as\u00ed mismo la construcci\u00f3n de una nueva fachada para la Instituci\u00f3n Educativa Republica de Colombia.<\/p>\n<p>De igual forma la adecuaci\u00f3n de las unidades sanitarias de las Instituciones Educativas Francisco de Paula Santander (Sede Jos\u00e9 Mar\u00eda C\u00f3rdoba) y Don Bosco, as\u00ed como la adecuaci\u00f3n de dos salones en la Instituci\u00f3n Educativa Catalina Herrera.<\/p>\n<p>Los trabajos que se realizan se priorizan a trav\u00e9s de mesas de trabajo, que realiza la administraci\u00f3n municipal con los rectores de las instituciones educativas.<\/p>\n<p>La alcaldesa de Arjona, Esther Mar\u00eda Jalilie, manifest\u00f3 que los espacios son importantes para los procesos acad\u00e9micos, es as\u00ed como en este 2018 va ser una prioridad para la administraci\u00f3n municipal seguir trabajando por fortalecer y mejorar las instituciones educativas del municipio. \u201cDe esta forma podemos contribuir a mejorar la calidad educativa y brindar a nuestros estudiantes mejores espacios para su educaci\u00f3n\u201d, recalco la mandataria.<\/p>\n<p><strong>Est\u00e1n por iniciar<\/strong><\/p>\n<p>En la zona rural tambi\u00e9n llegan las inversiones en materia de infraestructura educativa, en la Instituci\u00f3n Educativa de Gambote se realizar\u00e1 la adecuaci\u00f3n del patio con la instalaci\u00f3n de tabl\u00f3n en el patio, de igual manera en la Instituci\u00f3n Educativa de Puerto Badel se construir\u00e1n dos nuevas unidades sanitarias.<\/p>\n<p>Con una inversi\u00f3n de m\u00e1s de 280 millones se benefician en total 7 instituciones educativas, lo que va permitir seguir contribuyendo de esta forma al mejoramiento de la infraestructura educativa del municipio, por ende la forma de recibir las clases de los estudiantes.<\/p>\n","protected":false},"excerpt":{"rendered":"<p>A buen ritmo avanzan las obras de adecuaci\u00f3n que realiza la Alcald\u00eda de Arjona a 5 instituciones educativas del casco urbano del municipio, con el objetivo de mejorar los procesos de educaci\u00f3n de los estudiantes. La Secretaria de Educaci\u00f3n Municipal, Mary Luz Durango, realiz\u00f3 una visita de inspecci\u00f3n en compa\u00f1\u00eda de su equipo de trabajo y funcionarios de la Secretar\u00eda de Planeaci\u00f3n a las obras. Los trabajos que iniciaron el 5 de abril de 2018, comprenden la construcci\u00f3n de 57 metros de paredilla en la Instituci\u00f3n Educativa Domingo Tarra Guardo,&#8230; <\/p>\n","protected":false},"author":3,"featured_media":25802,"comment_status":"open","ping_status":"closed","sticky":false,"template":"","format":"standard","meta":{"footnotes":"","_links_to":"","_links_to_target":""},"categories":[75,33,80],"tags":[],"class_list":["post-25801","post","type-post","status-publish","format-standard","has-post-thumbnail","hentry","category-destacada","category-actualidad-bolivar","category-region"],"_links":{"self":[{"href":"https:\/\/revistazetta.com\/index.php?rest_route=\/wp\/v2\/posts\/25801","targetHints":{"allow":["GET"]}}],"collection":[{"href":"https:\/\/revistazetta.com\/index.php?rest_route=\/wp\/v2\/posts"}],"about":[{"href":"https:\/\/revistazetta.com\/index.php?rest_route=\/wp\/v2\/types\/post"}],"author":[{"embeddable":true,"href":"https:\/\/revistazetta.com\/index.php?rest_route=\/wp\/v2\/users\/3"}],"replies":[{"embeddable":true,"href":"https:\/\/revistazetta.com\/index.php?rest_route=%2Fwp%2Fv2%2Fcomments&post=25801"}],"version-history":[{"count":0,"href":"https:\/\/revistazetta.com\/index.php?rest_route=\/wp\/v2\/posts\/25801\/revisions"}],"wp:featuredmedia":[{"embeddable":true,"href":"https:\/\/revistazetta.com\/index.php?rest_route=\/wp\/v2\/media\/25802"}],"wp:attachment":[{"href":"https:\/\/revistazetta.com\/index.php?rest_route=%2Fwp%2Fv2%2Fmedia&parent=25801"}],"wp:term":[{"taxonomy":"category","embeddable":true,"href":"https:\/\/revistazetta.com\/index.php?rest_route=%2Fwp%2Fv2%2Fcategories&post=25801"},{"taxonomy":"post_tag","embeddable":true,"href":"https:\/\/revistazetta.com\/index.php?rest_route=%2Fwp%2Fv2%2Ftags&post=25801"}],"curies":[{"name":"wp","href":"https:\/\/api.w.org\/{rel}","templated":true}]}}