{"id":25832,"date":"2018-04-22T07:01:59","date_gmt":"2018-04-22T12:01:59","guid":{"rendered":"http:\/\/www.revistazetta.com\/?p=25832"},"modified":"2018-04-22T07:01:59","modified_gmt":"2018-04-22T12:01:59","slug":"esta-semana-quinto-sufrio-procurador-pecas-cobrador","status":"publish","type":"post","link":"https:\/\/revistazetta.com\/?p=25832","title":{"rendered":"Esta semana: Quinto sufri\u00f3 por un Procurador y \u201cPecas\u201d por un cobrador"},"content":{"rendered":"<p>Los candidatos m\u00e1s opcionados a la Alcald\u00eda de Cartagena, Quinto Guerra y Andr\u00e9s Betancourt, tuvieron una semana agitada.<\/p>\n<p>A un par de semanas de las elecciones, a Quinto \u201cle cant\u00f3 la tabla\u201d el mism\u00edsimo Procurador General de la Naci\u00f3n, Fernando Carrillo Fl\u00f3rez, que a trav\u00e9s de un agente especial ante el Consejo Nacional Electoral radic\u00f3 una solicitud de anulaci\u00f3n de inscripci\u00f3n por considerar que est\u00e1 inhabilitado para ser alcalde.<\/p>\n<p>Quinto respir\u00f3 hondo, cont\u00f3 hasta diez y se mantuvo en silencio sobre el tema. No ha dicho nada, pero en cambio se ha volcado con m\u00e1s energ\u00eda en las comunidades, con largas caminatas y firmas de acuerdos en materia de cultura, seguridad y otros matices de la vida comunitaria.<\/p>\n<p>Esta situaci\u00f3n hizo que las redes sociales estallaran en versiones a favor y en contra, y que varios abogados se pronunciaran respaldando sea la posici\u00f3n de la Procuradur\u00eda, sea la de Quinto.<\/p>\n<p>Cuando parec\u00eda que toda la tormenta ca\u00eda sobre Quinto Guerra, apareci\u00f3 un cobrador que le amarg\u00f3 el rato a Andr\u00e9s Betancourt.<\/p>\n<p>Se trata del empresario Salvador Vicente Frieri Gallo, quien se\u00f1ala que \u201cPecas\u201d le debe un dinero y nunca le pag\u00f3. En una estrategia que supera a la recordada \u201cCarioca\u201d, Frieri grab\u00f3 un video y evoc\u00f3 las acciones jur\u00eddicas que tiene en su contra. El video, por supuesto, ha circulado febrilmente en Whatsapp y otras redes sociales.<\/p>\n<p>Betancourt de inmediato contest\u00f3. Que nada le debe y que contraatacar\u00e1 jur\u00eddicamente.<\/p>\n<p>Ambas situaciones fueron las delicias de amigos y contradictores de una y otra campa\u00f1a.<\/p>\n<p>Faltan dos semanas y todo indica que la cosa se pondr\u00e1 m\u00e1s caliente.<\/p>\n<p>Del lado de Quinto, expectativa por la decisi\u00f3n del CNE sobre la inscripci\u00f3n de su candidatura.<\/p>\n<p>Del lado de Betancourt, expectativa por los nuevos \u201ctrapitos\u201d que le saquen, ciertos o no, pero inatajables.<\/p>\n<p>&nbsp;<\/p>\n","protected":false},"excerpt":{"rendered":"<p>Los candidatos m\u00e1s opcionados a la Alcald\u00eda de Cartagena, Quinto Guerra y Andr\u00e9s Betancourt, tuvieron una semana agitada. A un par de semanas de las elecciones, a Quinto \u201cle cant\u00f3 la tabla\u201d el mism\u00edsimo Procurador General de la Naci\u00f3n, Fernando Carrillo Fl\u00f3rez, que a trav\u00e9s de un agente especial ante el Consejo Nacional Electoral radic\u00f3 una solicitud de anulaci\u00f3n de inscripci\u00f3n por considerar que est\u00e1 inhabilitado para ser alcalde. Quinto respir\u00f3 hondo, cont\u00f3 hasta diez y se mantuvo en silencio sobre el tema. No ha dicho nada, pero en cambio&#8230; <\/p>\n","protected":false},"author":3,"featured_media":25833,"comment_status":"open","ping_status":"closed","sticky":false,"template":"","format":"standard","meta":{"footnotes":"","_links_to":"","_links_to_target":""},"categories":[75,4],"tags":[],"class_list":["post-25832","post","type-post","status-publish","format-standard","has-post-thumbnail","hentry","category-destacada","category-politica"],"_links":{"self":[{"href":"https:\/\/revistazetta.com\/index.php?rest_route=\/wp\/v2\/posts\/25832","targetHints":{"allow":["GET"]}}],"collection":[{"href":"https:\/\/revistazetta.com\/index.php?rest_route=\/wp\/v2\/posts"}],"about":[{"href":"https:\/\/revistazetta.com\/index.php?rest_route=\/wp\/v2\/types\/post"}],"author":[{"embeddable":true,"href":"https:\/\/revistazetta.com\/index.php?rest_route=\/wp\/v2\/users\/3"}],"replies":[{"embeddable":true,"href":"https:\/\/revistazetta.com\/index.php?rest_route=%2Fwp%2Fv2%2Fcomments&post=25832"}],"version-history":[{"count":0,"href":"https:\/\/revistazetta.com\/index.php?rest_route=\/wp\/v2\/posts\/25832\/revisions"}],"wp:featuredmedia":[{"embeddable":true,"href":"https:\/\/revistazetta.com\/index.php?rest_route=\/wp\/v2\/media\/25833"}],"wp:attachment":[{"href":"https:\/\/revistazetta.com\/index.php?rest_route=%2Fwp%2Fv2%2Fmedia&parent=25832"}],"wp:term":[{"taxonomy":"category","embeddable":true,"href":"https:\/\/revistazetta.com\/index.php?rest_route=%2Fwp%2Fv2%2Fcategories&post=25832"},{"taxonomy":"post_tag","embeddable":true,"href":"https:\/\/revistazetta.com\/index.php?rest_route=%2Fwp%2Fv2%2Ftags&post=25832"}],"curies":[{"name":"wp","href":"https:\/\/api.w.org\/{rel}","templated":true}]}}